{"id":11776,"date":"2021-04-07T08:30:08","date_gmt":"2021-04-07T07:30:08","guid":{"rendered":"http:\/\/www.fundaciontecnova.com\/?p=11776"},"modified":"2021-04-07T08:30:08","modified_gmt":"2021-04-07T07:30:08","slug":"acenta-a-ete-constituee-pour-coordonner-et-promouvoir-linnovation-et-le-transfert-de-connaissances-aux-entreprises","status":"publish","type":"post","link":"https:\/\/www.fundaciontecnova.com\/fr\/acenta-a-ete-constituee-pour-coordonner-et-promouvoir-linnovation-et-le-transfert-de-connaissances-aux-entreprises\/","title":{"rendered":"ACENTA a \u00e9t\u00e9 constitu\u00e9e pour coordonner et promouvoir l&rsquo;innovation et le transfert de connaissances aux entreprises"},"content":{"rendered":"<div class=\"wpb-content-wrapper\"><p>[vc_row css_animation=\u00a0\u00bb\u00a0\u00bb row_type=\u00a0\u00bbrow\u00a0\u00bb use_row_as_full_screen_section=\u00a0\u00bbno\u00a0\u00bb type=\u00a0\u00bbfull_width\u00a0\u00bb angled_section=\u00a0\u00bbno\u00a0\u00bb text_align=\u00a0\u00bbleft\u00a0\u00bb background_image_as_pattern=\u00a0\u00bbwithout_pattern\u00a0\u00bb][vc_column][vc_column_text]<\/p>\n<h5>Cordoue a accueilli l&rsquo;acte de constitution de l&rsquo;Association des centres technologiques andalous, compos\u00e9e de dix entit\u00e9s innovantes<\/h5>\n<p>La ville de Cordoue a salu\u00e9 l&rsquo;acte de constitution de l&rsquo;Association des centres technologiques andalous (ACENTA), cr\u00e9\u00e9e pour d\u00e9fendre les int\u00e9r\u00eats de ces entit\u00e9s et constituer une voix unique dans ses relations avec l&rsquo;administration. Au total, dix centres technologiques \u00e0 travers l&rsquo;Andalousie font partie de la nouvelle association: ANDALTEC, CETEMET, CIAC, CICAP, CIDAF, CITOLIVA, CTAQUA, TECNOVA, INNOVARCILLA et FIDESOL.<\/p>\n<p>Dans la loi, le conseil d&rsquo;administration de la nouvelle association a \u00e9t\u00e9 constitu\u00e9, dont Juan Manuel Garc\u00eda de Lomas (directeur de Ctaqua) et en tant que vice-pr\u00e9sident Jos\u00e9 Mar\u00eda Navarro (directeur d&rsquo;Andaltec) a \u00e9t\u00e9 \u00e9lu.<\/p>\n<p>ACENTA entend devenir un lieu de rencontre et de coop\u00e9ration pour les entit\u00e9s priv\u00e9es class\u00e9es Agents du Syst\u00e8me de Connaissances Andalous afin d&rsquo;ajouter des synergies vers l&rsquo;am\u00e9lioration concurrentielle des entreprises et d&rsquo;interagir avec des initiatives qui enrichissent les connaissances et leur transfert vers le secteur productif andalou. Las entidades destacan que estos centros son los mejores conocedores de la realidad empresarial y sus necesidades, a las que ofrecen un importante soporte en forma de Consultas, Servicios Tecnol\u00f3gicos Avanzados y apoyo para sus proyectos y programas de innovaci\u00f3n, lo que les permite mejorar su posici\u00f3n dans le march\u00e9. Pour cette raison, ACENTA veut agir en tant qu&rsquo;agent instrumental et se mettre au service des politiques technologiques et d&rsquo;innovation des institutions andalouses et de la communaut\u00e9 d&rsquo;affaires de la communaut\u00e9.<\/p>\n<p>Avec l&rsquo;Association, un canal de communication unique est cr\u00e9\u00e9, ce qui permet de promouvoir des initiatives qui r\u00e9pondent aux int\u00e9r\u00eats communs des partenaires, tandis que, pour sa part, il permet \u00e0 l&rsquo;administration de d\u00e9ployer plus facilement ses strat\u00e9gies, ou tout simplement d&rsquo;acc\u00e9l\u00e9rer la transmission des communications informatives.<\/p>\n<p>Bref, c&rsquo;est le cadre id\u00e9al pour encourager la participation des centres aux programmes des administrations publiques et r\u00e9aliser des propositions en fonction des besoins r\u00e9els du secteur commercial et industriel. En outre, ACENTA m\u00e8nera des actions de diffusion pour renforcer la capacit\u00e9 d&rsquo;innovation des PME andalouses, \u00eatre un compl\u00e9ment aux grandes entreprises dans l&rsquo;ex\u00e9cution de leurs projets de R&amp;D, et un argument essentiel pour attirer de nouvelles entreprises, cr\u00e9er des liens de coop\u00e9ration avec d&rsquo;autres organisations nationales ou \u00e9trang\u00e8res. entreprises et R &amp; D &amp; i.<\/p>\n<p>Toutes les entit\u00e9s qui composent cette nouvelle association ont la m\u00eame mission: \u00ab\u00a0ajouter de la valeur \u00e0 la soci\u00e9t\u00e9 en am\u00e9liorant la comp\u00e9titivit\u00e9 des entreprises\u00a0\u00bb avec ACENTA, d\u00e9sormais, elles assurent que non seulement cela ne changera pas, mais que l&rsquo;efficacit\u00e9 sera gagn\u00e9e en ajoutant des capacit\u00e9s pour multiplier les r\u00e9sultats.[\/vc_column_text][\/vc_column][\/vc_row][vc_row css_animation=\u00a0\u00bb\u00a0\u00bb row_type=\u00a0\u00bbrow\u00a0\u00bb use_row_as_full_screen_section=\u00a0\u00bbno\u00a0\u00bb type=\u00a0\u00bbfull_width\u00a0\u00bb angled_section=\u00a0\u00bbno\u00a0\u00bb text_align=\u00a0\u00bbleft\u00a0\u00bb background_image_as_pattern=\u00a0\u00bbwithout_pattern\u00a0\u00bb][vc_column][vc_empty_space height=\u00a0\u00bb90px\u00a0\u00bb el_class=\u00a0\u00bbblk_spc little\u00a0\u00bb][\/vc_column][\/vc_row]<\/p>\n<\/div>","protected":false},"excerpt":{"rendered":"<p>La ville de Cordoue a salu\u00e9 l&rsquo;acte de constitution de l&rsquo;Association des centres technologiques andalous (ACENTA), cr\u00e9\u00e9e pour d\u00e9fendre les int\u00e9r\u00eats de ces entit\u00e9s et constituer une voix unique dans ses relations avec l&rsquo;administration. Au total, dix centres technologiques \u00e0 travers l&rsquo;Andalousie font partie de la nouvelle association: ANDALTEC, CETEMET, CIAC, CICAP, CIDAF, CITOLIVA, CTAQUA, TECNOVA, INNOVARCILLA et FIDESOL.<\/p>\n","protected":false},"author":1,"featured_media":11770,"comment_status":"open","ping_status":"open","sticky":false,"template":"","format":"standard","meta":{"content-type":"","footnotes":""},"categories":[69],"tags":[],"class_list":["post-11776","post","type-post","status-publish","format-standard","has-post-thumbnail","hentry","category-nouvelles"],"yoast_head":"<!-- This site is optimized with the Yoast SEO plugin v25.6 - https:\/\/yoast.com\/wordpress\/plugins\/seo\/ -->\n<title>ACENTA a \u00e9t\u00e9 constitu\u00e9e pour coordonner et promouvoir l&#039;innovation et le transfert de connaissances aux entreprises &#187; Centro Tecnol\u00f3gico Tecnova<\/title>\n<meta name=\"description\" content=\"Centro Tecnol\u00f3gico Tecnova promueve la innovaci\u00f3n aplicada y el desarrollo tecnol\u00f3gico para mejorar la competitividad y rentabilidad de las empresas del sector agroindustrial.\" \/>\n<meta name=\"robots\" content=\"index, follow, max-snippet:-1, max-image-preview:large, max-video-preview:-1\" \/>\n<link rel=\"canonical\" href=\"https:\/\/www.fundaciontecnova.com\/fr\/acenta-a-ete-constituee-pour-coordonner-et-promouvoir-linnovation-et-le-transfert-de-connaissances-aux-entreprises\/\" \/>\n<meta property=\"og:locale\" content=\"fr_FR\" \/>\n<meta property=\"og:type\" content=\"article\" \/>\n<meta property=\"og:title\" content=\"ACENTA a \u00e9t\u00e9 constitu\u00e9e pour coordonner et promouvoir l&#039;innovation et le transfert de connaissances aux entreprises &#187; Centro Tecnol\u00f3gico Tecnova\" \/>\n<meta property=\"og:description\" content=\"Centro Tecnol\u00f3gico Tecnova promueve la innovaci\u00f3n aplicada y el desarrollo tecnol\u00f3gico para mejorar la competitividad y rentabilidad de las empresas del sector agroindustrial.\" \/>\n<meta property=\"og:url\" content=\"https:\/\/www.fundaciontecnova.com\/fr\/acenta-a-ete-constituee-pour-coordonner-et-promouvoir-linnovation-et-le-transfert-de-connaissances-aux-entreprises\/\" \/>\n<meta property=\"og:site_name\" content=\"Centro Tecnol\u00f3gico Tecnova\" \/>\n<meta property=\"article:published_time\" content=\"2021-04-07T07:30:08+00:00\" \/>\n<meta property=\"og:image\" content=\"https:\/\/www.fundaciontecnova.com\/wp-content\/uploads\/2021\/04\/Constituci\u00f3n-ACENTA-Centro-Tecnol\u00f3gico-Tecnova2-scaled.jpg\" \/>\n\t<meta property=\"og:image:width\" content=\"2560\" \/>\n\t<meta property=\"og:image:height\" content=\"1709\" \/>\n\t<meta property=\"og:image:type\" content=\"image\/jpeg\" \/>\n<meta name=\"author\" content=\"Tecnova\" \/>\n<meta name=\"twitter:card\" content=\"summary_large_image\" \/>\n<meta name=\"twitter:label1\" content=\"\u00c9crit par\" \/>\n\t<meta name=\"twitter:data1\" content=\"Tecnova\" \/>\n\t<meta name=\"twitter:label2\" content=\"Dur\u00e9e de lecture estim\u00e9e\" \/>\n\t<meta name=\"twitter:data2\" content=\"3 minutes\" \/>\n<script type=\"application\/ld+json\" class=\"yoast-schema-graph\">{\"@context\":\"https:\/\/schema.org\",\"@graph\":[{\"@type\":\"Article\",\"@id\":\"https:\/\/www.fundaciontecnova.com\/fr\/acenta-a-ete-constituee-pour-coordonner-et-promouvoir-linnovation-et-le-transfert-de-connaissances-aux-entreprises\/#article\",\"isPartOf\":{\"@id\":\"https:\/\/www.fundaciontecnova.com\/fr\/acenta-a-ete-constituee-pour-coordonner-et-promouvoir-linnovation-et-le-transfert-de-connaissances-aux-entreprises\/\"},\"author\":{\"name\":\"Tecnova\",\"@id\":\"https:\/\/www.fundaciontecnova.com\/#\/schema\/person\/c0e6785a616fc7684f489972f3c40965\"},\"headline\":\"ACENTA a \u00e9t\u00e9 constitu\u00e9e pour coordonner et promouvoir l&rsquo;innovation et le transfert de connaissances aux entreprises\",\"datePublished\":\"2021-04-07T07:30:08+00:00\",\"mainEntityOfPage\":{\"@id\":\"https:\/\/www.fundaciontecnova.com\/fr\/acenta-a-ete-constituee-pour-coordonner-et-promouvoir-linnovation-et-le-transfert-de-connaissances-aux-entreprises\/\"},\"wordCount\":591,\"commentCount\":0,\"publisher\":{\"@id\":\"https:\/\/www.fundaciontecnova.com\/#organization\"},\"image\":{\"@id\":\"https:\/\/www.fundaciontecnova.com\/fr\/acenta-a-ete-constituee-pour-coordonner-et-promouvoir-linnovation-et-le-transfert-de-connaissances-aux-entreprises\/#primaryimage\"},\"thumbnailUrl\":\"https:\/\/www.fundaciontecnova.com\/wp-content\/uploads\/2021\/04\/Constituci\u00f3n-ACENTA-Centro-Tecnol\u00f3gico-Tecnova2-scaled.jpg\",\"articleSection\":[\"Nouvelles\"],\"inLanguage\":\"fr-FR\",\"potentialAction\":[{\"@type\":\"CommentAction\",\"name\":\"Comment\",\"target\":[\"https:\/\/www.fundaciontecnova.com\/fr\/acenta-a-ete-constituee-pour-coordonner-et-promouvoir-linnovation-et-le-transfert-de-connaissances-aux-entreprises\/#respond\"]}]},{\"@type\":\"WebPage\",\"@id\":\"https:\/\/www.fundaciontecnova.com\/fr\/acenta-a-ete-constituee-pour-coordonner-et-promouvoir-linnovation-et-le-transfert-de-connaissances-aux-entreprises\/\",\"url\":\"https:\/\/www.fundaciontecnova.com\/fr\/acenta-a-ete-constituee-pour-coordonner-et-promouvoir-linnovation-et-le-transfert-de-connaissances-aux-entreprises\/\",\"name\":\"ACENTA a \u00e9t\u00e9 constitu\u00e9e pour coordonner et promouvoir l'innovation et le transfert de connaissances aux entreprises &#187; Centro Tecnol\u00f3gico Tecnova\",\"isPartOf\":{\"@id\":\"https:\/\/www.fundaciontecnova.com\/#website\"},\"primaryImageOfPage\":{\"@id\":\"https:\/\/www.fundaciontecnova.com\/fr\/acenta-a-ete-constituee-pour-coordonner-et-promouvoir-linnovation-et-le-transfert-de-connaissances-aux-entreprises\/#primaryimage\"},\"image\":{\"@id\":\"https:\/\/www.fundaciontecnova.com\/fr\/acenta-a-ete-constituee-pour-coordonner-et-promouvoir-linnovation-et-le-transfert-de-connaissances-aux-entreprises\/#primaryimage\"},\"thumbnailUrl\":\"https:\/\/www.fundaciontecnova.com\/wp-content\/uploads\/2021\/04\/Constituci\u00f3n-ACENTA-Centro-Tecnol\u00f3gico-Tecnova2-scaled.jpg\",\"datePublished\":\"2021-04-07T07:30:08+00:00\",\"description\":\"Centro Tecnol\u00f3gico Tecnova promueve la innovaci\u00f3n aplicada y el desarrollo tecnol\u00f3gico para mejorar la competitividad y rentabilidad de las empresas del sector agroindustrial.\",\"breadcrumb\":{\"@id\":\"https:\/\/www.fundaciontecnova.com\/fr\/acenta-a-ete-constituee-pour-coordonner-et-promouvoir-linnovation-et-le-transfert-de-connaissances-aux-entreprises\/#breadcrumb\"},\"inLanguage\":\"fr-FR\",\"potentialAction\":[{\"@type\":\"ReadAction\",\"target\":[\"https:\/\/www.fundaciontecnova.com\/fr\/acenta-a-ete-constituee-pour-coordonner-et-promouvoir-linnovation-et-le-transfert-de-connaissances-aux-entreprises\/\"]}]},{\"@type\":\"ImageObject\",\"inLanguage\":\"fr-FR\",\"@id\":\"https:\/\/www.fundaciontecnova.com\/fr\/acenta-a-ete-constituee-pour-coordonner-et-promouvoir-linnovation-et-le-transfert-de-connaissances-aux-entreprises\/#primaryimage\",\"url\":\"https:\/\/www.fundaciontecnova.com\/wp-content\/uploads\/2021\/04\/Constituci\u00f3n-ACENTA-Centro-Tecnol\u00f3gico-Tecnova2-scaled.jpg\",\"contentUrl\":\"https:\/\/www.fundaciontecnova.com\/wp-content\/uploads\/2021\/04\/Constituci\u00f3n-ACENTA-Centro-Tecnol\u00f3gico-Tecnova2-scaled.jpg\",\"width\":2560,\"height\":1709},{\"@type\":\"BreadcrumbList\",\"@id\":\"https:\/\/www.fundaciontecnova.com\/fr\/acenta-a-ete-constituee-pour-coordonner-et-promouvoir-linnovation-et-le-transfert-de-connaissances-aux-entreprises\/#breadcrumb\",\"itemListElement\":[{\"@type\":\"ListItem\",\"position\":1,\"name\":\"Portada\",\"item\":\"https:\/\/www.fundaciontecnova.com\/fr\/\"},{\"@type\":\"ListItem\",\"position\":2,\"name\":\"ACENTA a \u00e9t\u00e9 constitu\u00e9e pour coordonner et promouvoir l&rsquo;innovation et le transfert de connaissances aux entreprises\"}]},{\"@type\":\"WebSite\",\"@id\":\"https:\/\/www.fundaciontecnova.com\/#website\",\"url\":\"https:\/\/www.fundaciontecnova.com\/\",\"name\":\"Centro Tecnol\u00f3gico Tecnova\",\"description\":\"Es el Centro Tecnol\u00f3gico de la Industria Auxiliar, Postcosecha y Envasado hortofrut\u00edcola. Trabaja en I+D+i, formaci\u00f3n, promoci\u00f3n e internacionalizaci\u00f3n\",\"publisher\":{\"@id\":\"https:\/\/www.fundaciontecnova.com\/#organization\"},\"potentialAction\":[{\"@type\":\"SearchAction\",\"target\":{\"@type\":\"EntryPoint\",\"urlTemplate\":\"https:\/\/www.fundaciontecnova.com\/?s={search_term_string}\"},\"query-input\":{\"@type\":\"PropertyValueSpecification\",\"valueRequired\":true,\"valueName\":\"search_term_string\"}}],\"inLanguage\":\"fr-FR\"},{\"@type\":\"Organization\",\"@id\":\"https:\/\/www.fundaciontecnova.com\/#organization\",\"name\":\"Fundaci\u00f3n Tecnova\",\"url\":\"https:\/\/www.fundaciontecnova.com\/\",\"logo\":{\"@type\":\"ImageObject\",\"inLanguage\":\"fr-FR\",\"@id\":\"https:\/\/www.fundaciontecnova.com\/#\/schema\/logo\/image\/\",\"url\":\"https:\/\/www.fundaciontecnova.com\/wp-content\/uploads\/2020\/04\/LOGO.png\",\"contentUrl\":\"https:\/\/www.fundaciontecnova.com\/wp-content\/uploads\/2020\/04\/LOGO.png\",\"width\":591,\"height\":299,\"caption\":\"Fundaci\u00f3n Tecnova\"},\"image\":{\"@id\":\"https:\/\/www.fundaciontecnova.com\/#\/schema\/logo\/image\/\"}},{\"@type\":\"Person\",\"@id\":\"https:\/\/www.fundaciontecnova.com\/#\/schema\/person\/c0e6785a616fc7684f489972f3c40965\",\"name\":\"Tecnova\",\"image\":{\"@type\":\"ImageObject\",\"inLanguage\":\"fr-FR\",\"@id\":\"https:\/\/www.fundaciontecnova.com\/#\/schema\/person\/image\/\",\"url\":\"https:\/\/secure.gravatar.com\/avatar\/bc5ea6f3e3bffb1766fdc14880a690cc9872d2dc2403418fc661950c80039424?s=96&d=mm&r=g\",\"contentUrl\":\"https:\/\/secure.gravatar.com\/avatar\/bc5ea6f3e3bffb1766fdc14880a690cc9872d2dc2403418fc661950c80039424?s=96&d=mm&r=g\",\"caption\":\"Tecnova\"}}]}<\/script>\n<!-- \/ Yoast SEO plugin. -->","yoast_head_json":{"title":"ACENTA a \u00e9t\u00e9 constitu\u00e9e pour coordonner et promouvoir l'innovation et le transfert de connaissances aux entreprises &#187; Centro Tecnol\u00f3gico Tecnova","description":"Centro Tecnol\u00f3gico Tecnova promueve la innovaci\u00f3n aplicada y el desarrollo tecnol\u00f3gico para mejorar la competitividad y rentabilidad de las empresas del sector agroindustrial.","robots":{"index":"index","follow":"follow","max-snippet":"max-snippet:-1","max-image-preview":"max-image-preview:large","max-video-preview":"max-video-preview:-1"},"canonical":"https:\/\/www.fundaciontecnova.com\/fr\/acenta-a-ete-constituee-pour-coordonner-et-promouvoir-linnovation-et-le-transfert-de-connaissances-aux-entreprises\/","og_locale":"fr_FR","og_type":"article","og_title":"ACENTA a \u00e9t\u00e9 constitu\u00e9e pour coordonner et promouvoir l'innovation et le transfert de connaissances aux entreprises &#187; Centro Tecnol\u00f3gico Tecnova","og_description":"Centro Tecnol\u00f3gico Tecnova promueve la innovaci\u00f3n aplicada y el desarrollo tecnol\u00f3gico para mejorar la competitividad y rentabilidad de las empresas del sector agroindustrial.","og_url":"https:\/\/www.fundaciontecnova.com\/fr\/acenta-a-ete-constituee-pour-coordonner-et-promouvoir-linnovation-et-le-transfert-de-connaissances-aux-entreprises\/","og_site_name":"Centro Tecnol\u00f3gico Tecnova","article_published_time":"2021-04-07T07:30:08+00:00","og_image":[{"width":2560,"height":1709,"url":"https:\/\/www.fundaciontecnova.com\/wp-content\/uploads\/2021\/04\/Constituci\u00f3n-ACENTA-Centro-Tecnol\u00f3gico-Tecnova2-scaled.jpg","type":"image\/jpeg"}],"author":"Tecnova","twitter_card":"summary_large_image","twitter_misc":{"\u00c9crit par":"Tecnova","Dur\u00e9e de lecture estim\u00e9e":"3 minutes"},"schema":{"@context":"https:\/\/schema.org","@graph":[{"@type":"Article","@id":"https:\/\/www.fundaciontecnova.com\/fr\/acenta-a-ete-constituee-pour-coordonner-et-promouvoir-linnovation-et-le-transfert-de-connaissances-aux-entreprises\/#article","isPartOf":{"@id":"https:\/\/www.fundaciontecnova.com\/fr\/acenta-a-ete-constituee-pour-coordonner-et-promouvoir-linnovation-et-le-transfert-de-connaissances-aux-entreprises\/"},"author":{"name":"Tecnova","@id":"https:\/\/www.fundaciontecnova.com\/#\/schema\/person\/c0e6785a616fc7684f489972f3c40965"},"headline":"ACENTA a \u00e9t\u00e9 constitu\u00e9e pour coordonner et promouvoir l&rsquo;innovation et le transfert de connaissances aux entreprises","datePublished":"2021-04-07T07:30:08+00:00","mainEntityOfPage":{"@id":"https:\/\/www.fundaciontecnova.com\/fr\/acenta-a-ete-constituee-pour-coordonner-et-promouvoir-linnovation-et-le-transfert-de-connaissances-aux-entreprises\/"},"wordCount":591,"commentCount":0,"publisher":{"@id":"https:\/\/www.fundaciontecnova.com\/#organization"},"image":{"@id":"https:\/\/www.fundaciontecnova.com\/fr\/acenta-a-ete-constituee-pour-coordonner-et-promouvoir-linnovation-et-le-transfert-de-connaissances-aux-entreprises\/#primaryimage"},"thumbnailUrl":"https:\/\/www.fundaciontecnova.com\/wp-content\/uploads\/2021\/04\/Constituci\u00f3n-ACENTA-Centro-Tecnol\u00f3gico-Tecnova2-scaled.jpg","articleSection":["Nouvelles"],"inLanguage":"fr-FR","potentialAction":[{"@type":"CommentAction","name":"Comment","target":["https:\/\/www.fundaciontecnova.com\/fr\/acenta-a-ete-constituee-pour-coordonner-et-promouvoir-linnovation-et-le-transfert-de-connaissances-aux-entreprises\/#respond"]}]},{"@type":"WebPage","@id":"https:\/\/www.fundaciontecnova.com\/fr\/acenta-a-ete-constituee-pour-coordonner-et-promouvoir-linnovation-et-le-transfert-de-connaissances-aux-entreprises\/","url":"https:\/\/www.fundaciontecnova.com\/fr\/acenta-a-ete-constituee-pour-coordonner-et-promouvoir-linnovation-et-le-transfert-de-connaissances-aux-entreprises\/","name":"ACENTA a \u00e9t\u00e9 constitu\u00e9e pour coordonner et promouvoir l'innovation et le transfert de connaissances aux entreprises &#187; Centro Tecnol\u00f3gico Tecnova","isPartOf":{"@id":"https:\/\/www.fundaciontecnova.com\/#website"},"primaryImageOfPage":{"@id":"https:\/\/www.fundaciontecnova.com\/fr\/acenta-a-ete-constituee-pour-coordonner-et-promouvoir-linnovation-et-le-transfert-de-connaissances-aux-entreprises\/#primaryimage"},"image":{"@id":"https:\/\/www.fundaciontecnova.com\/fr\/acenta-a-ete-constituee-pour-coordonner-et-promouvoir-linnovation-et-le-transfert-de-connaissances-aux-entreprises\/#primaryimage"},"thumbnailUrl":"https:\/\/www.fundaciontecnova.com\/wp-content\/uploads\/2021\/04\/Constituci\u00f3n-ACENTA-Centro-Tecnol\u00f3gico-Tecnova2-scaled.jpg","datePublished":"2021-04-07T07:30:08+00:00","description":"Centro Tecnol\u00f3gico Tecnova promueve la innovaci\u00f3n aplicada y el desarrollo tecnol\u00f3gico para mejorar la competitividad y rentabilidad de las empresas del sector agroindustrial.","breadcrumb":{"@id":"https:\/\/www.fundaciontecnova.com\/fr\/acenta-a-ete-constituee-pour-coordonner-et-promouvoir-linnovation-et-le-transfert-de-connaissances-aux-entreprises\/#breadcrumb"},"inLanguage":"fr-FR","potentialAction":[{"@type":"ReadAction","target":["https:\/\/www.fundaciontecnova.com\/fr\/acenta-a-ete-constituee-pour-coordonner-et-promouvoir-linnovation-et-le-transfert-de-connaissances-aux-entreprises\/"]}]},{"@type":"ImageObject","inLanguage":"fr-FR","@id":"https:\/\/www.fundaciontecnova.com\/fr\/acenta-a-ete-constituee-pour-coordonner-et-promouvoir-linnovation-et-le-transfert-de-connaissances-aux-entreprises\/#primaryimage","url":"https:\/\/www.fundaciontecnova.com\/wp-content\/uploads\/2021\/04\/Constituci\u00f3n-ACENTA-Centro-Tecnol\u00f3gico-Tecnova2-scaled.jpg","contentUrl":"https:\/\/www.fundaciontecnova.com\/wp-content\/uploads\/2021\/04\/Constituci\u00f3n-ACENTA-Centro-Tecnol\u00f3gico-Tecnova2-scaled.jpg","width":2560,"height":1709},{"@type":"BreadcrumbList","@id":"https:\/\/www.fundaciontecnova.com\/fr\/acenta-a-ete-constituee-pour-coordonner-et-promouvoir-linnovation-et-le-transfert-de-connaissances-aux-entreprises\/#breadcrumb","itemListElement":[{"@type":"ListItem","position":1,"name":"Portada","item":"https:\/\/www.fundaciontecnova.com\/fr\/"},{"@type":"ListItem","position":2,"name":"ACENTA a \u00e9t\u00e9 constitu\u00e9e pour coordonner et promouvoir l&rsquo;innovation et le transfert de connaissances aux entreprises"}]},{"@type":"WebSite","@id":"https:\/\/www.fundaciontecnova.com\/#website","url":"https:\/\/www.fundaciontecnova.com\/","name":"Centro Tecnol\u00f3gico Tecnova","description":"Es el Centro Tecnol\u00f3gico de la Industria Auxiliar, Postcosecha y Envasado hortofrut\u00edcola. Trabaja en I+D+i, formaci\u00f3n, promoci\u00f3n e internacionalizaci\u00f3n","publisher":{"@id":"https:\/\/www.fundaciontecnova.com\/#organization"},"potentialAction":[{"@type":"SearchAction","target":{"@type":"EntryPoint","urlTemplate":"https:\/\/www.fundaciontecnova.com\/?s={search_term_string}"},"query-input":{"@type":"PropertyValueSpecification","valueRequired":true,"valueName":"search_term_string"}}],"inLanguage":"fr-FR"},{"@type":"Organization","@id":"https:\/\/www.fundaciontecnova.com\/#organization","name":"Fundaci\u00f3n Tecnova","url":"https:\/\/www.fundaciontecnova.com\/","logo":{"@type":"ImageObject","inLanguage":"fr-FR","@id":"https:\/\/www.fundaciontecnova.com\/#\/schema\/logo\/image\/","url":"https:\/\/www.fundaciontecnova.com\/wp-content\/uploads\/2020\/04\/LOGO.png","contentUrl":"https:\/\/www.fundaciontecnova.com\/wp-content\/uploads\/2020\/04\/LOGO.png","width":591,"height":299,"caption":"Fundaci\u00f3n Tecnova"},"image":{"@id":"https:\/\/www.fundaciontecnova.com\/#\/schema\/logo\/image\/"}},{"@type":"Person","@id":"https:\/\/www.fundaciontecnova.com\/#\/schema\/person\/c0e6785a616fc7684f489972f3c40965","name":"Tecnova","image":{"@type":"ImageObject","inLanguage":"fr-FR","@id":"https:\/\/www.fundaciontecnova.com\/#\/schema\/person\/image\/","url":"https:\/\/secure.gravatar.com\/avatar\/bc5ea6f3e3bffb1766fdc14880a690cc9872d2dc2403418fc661950c80039424?s=96&d=mm&r=g","contentUrl":"https:\/\/secure.gravatar.com\/avatar\/bc5ea6f3e3bffb1766fdc14880a690cc9872d2dc2403418fc661950c80039424?s=96&d=mm&r=g","caption":"Tecnova"}}]}},"_links":{"self":[{"href":"https:\/\/www.fundaciontecnova.com\/fr\/wp-json\/wp\/v2\/posts\/11776","targetHints":{"allow":["GET"]}}],"collection":[{"href":"https:\/\/www.fundaciontecnova.com\/fr\/wp-json\/wp\/v2\/posts"}],"about":[{"href":"https:\/\/www.fundaciontecnova.com\/fr\/wp-json\/wp\/v2\/types\/post"}],"author":[{"embeddable":true,"href":"https:\/\/www.fundaciontecnova.com\/fr\/wp-json\/wp\/v2\/users\/1"}],"replies":[{"embeddable":true,"href":"https:\/\/www.fundaciontecnova.com\/fr\/wp-json\/wp\/v2\/comments?post=11776"}],"version-history":[{"count":2,"href":"https:\/\/www.fundaciontecnova.com\/fr\/wp-json\/wp\/v2\/posts\/11776\/revisions"}],"predecessor-version":[{"id":11778,"href":"https:\/\/www.fundaciontecnova.com\/fr\/wp-json\/wp\/v2\/posts\/11776\/revisions\/11778"}],"wp:featuredmedia":[{"embeddable":true,"href":"https:\/\/www.fundaciontecnova.com\/fr\/wp-json\/wp\/v2\/media\/11770"}],"wp:attachment":[{"href":"https:\/\/www.fundaciontecnova.com\/fr\/wp-json\/wp\/v2\/media?parent=11776"}],"wp:term":[{"taxonomy":"category","embeddable":true,"href":"https:\/\/www.fundaciontecnova.com\/fr\/wp-json\/wp\/v2\/categories?post=11776"},{"taxonomy":"post_tag","embeddable":true,"href":"https:\/\/www.fundaciontecnova.com\/fr\/wp-json\/wp\/v2\/tags?post=11776"}],"curies":[{"name":"wp","href":"https:\/\/api.w.org\/{rel}","templated":true}]}}