{"id":11589,"date":"2021-01-04T14:19:38","date_gmt":"2021-01-04T13:19:38","guid":{"rendered":"http:\/\/www.fundaciontecnova.com\/?p=11589"},"modified":"2021-01-04T14:19:38","modified_gmt":"2021-01-04T13:19:38","slug":"tecnova-commence-2021-avec-des-opportunites-demploi","status":"publish","type":"post","link":"https:\/\/www.fundaciontecnova.com\/fr\/tecnova-commence-2021-avec-des-opportunites-demploi\/","title":{"rendered":"Tecnova commence 2021 avec des opportunit\u00e9s d&#8217;emploi"},"content":{"rendered":"<div class=\"wpb-content-wrapper\"><p>[vc_row css_animation=\u00a0\u00bb\u00a0\u00bb row_type=\u00a0\u00bbrow\u00a0\u00bb use_row_as_full_screen_section=\u00a0\u00bbno\u00a0\u00bb type=\u00a0\u00bbfull_width\u00a0\u00bb angled_section=\u00a0\u00bbno\u00a0\u00bb text_align=\u00a0\u00bbleft\u00a0\u00bb background_image_as_pattern=\u00a0\u00bbwithout_pattern\u00a0\u00bb][vc_column][vc_column_text]Depuis le centre technologique de Tecnova, nous commen\u00e7ons la nouvelle ann\u00e9e en pariant sur la cr\u00e9ation d&#8217;emplois et d&rsquo;opportunit\u00e9s. Dans ce cas, les domaines dans lesquels du personnel est requis est le domaine du d\u00e9veloppement industriel et de la technologie des serres, les profils demand\u00e9s \u00e9tant Ingenier @ Agr\u00f3nomo et Ingenier @ Industrial.<\/p>\n<p>Le p\u00f4le D\u00e9veloppement Industriel recherche un ing\u00e9nieur industriel polyvalent et pluridisciplinaire, dans le but de d\u00e9marrer de nouveaux projets de R&amp;D. L&rsquo;offre d&#8217;emploi a les exigences suivantes:<\/p>\n<ul>\n<li>Exp\u00e9rience d&rsquo;au moins 1 an dans un poste similaire.<\/li>\n<li>Exp\u00e9rience en gestion et ex\u00e9cution de projets de R&amp;D.<\/li>\n<li>Connaissance des langages de programmation: Python, C, Java, etc.<\/li>\n<li>Connaissance des logiciels de CAO: Autocad, Solidworks, etc.<\/li>\n<\/ul>\n<p>&nbsp;<\/p>\n<p>Et il est essentiel d&rsquo;avoir une formation en:<\/p>\n<ul>\n<li>G\u00e9nie industriel, g\u00e9nie industriel \u00e9lectronique, g\u00e9nie m\u00e9canique industriel ou g\u00e9nie des technologies industrielles.<\/li>\n<li>Niveau interm\u00e9diaire anglais.<\/li>\n<li>Utilisateur expert de la suite Microsoft Office.<\/li>\n<\/ul>\n<p>&nbsp;<\/p>\n<p>La technologie des serres est le deuxi\u00e8me domaine dans lequel Tecnova a besoin d&rsquo;un agronome ou d&rsquo;un ing\u00e9nieur technique agricole pour une formation et des conseils sur les cultures horticoles en serre au niveau national et international. Pour ce poste, les exigences sont:<\/p>\n<ul>\n<li>Ing\u00e9nieur agricole \/ Ing\u00e9nieur technique agricole<\/li>\n<li>Connaissance de la gestion des cultures, de la technologie, de la lutte antiparasitaire, de la fertigation et du contr\u00f4le climatique.<\/li>\n<li>Niveau \u00e9lev\u00e9 d&rsquo;anglais oral et \u00e9crit (B2).<\/li>\n<li>Disponibilit\u00e9 pour voyager \u00e0 l&rsquo;\u00e9tranger.<\/li>\n<\/ul>\n<p>&nbsp;<\/p>\n<p>Il est n\u00e9cessaire d&rsquo;avoir un minimum de 4 ans d&rsquo;exp\u00e9rience dans le conseil sur les cultures horticoles en serre, une exp\u00e9rience dans les cultures \u00e0 haute productivit\u00e9 et dans le d\u00e9veloppement d&#8217;emplois au niveau international. En plus d&rsquo;avoir une orientation vers la r\u00e9alisation des objectifs individuels et de groupe, capacit\u00e9 \u00e0 motiver et \u00e0 g\u00e9rer des \u00e9quipes de travail et \u00e0 avoir un profil organis\u00e9 et \u00e0 travailler avec la planification.<\/p>\n<p>Pour les deux emplois, une journ\u00e9e de travail compl\u00e8te est offerte, une incorporation imm\u00e9diate, une excellente projection du poste et des conditions concurrentielles en contrat et en salaire.<\/p>\n<p>Es tu int\u00e9ress\u00e9?<\/p>\n<p>Vous pouvez envoyer votre CV au mail: info@fundaciontecnova.com<\/p>\n<h3>On t&rsquo;attendra!<\/h3>\n<p>[\/vc_column_text][\/vc_column][\/vc_row][vc_row css_animation=\u00a0\u00bb\u00a0\u00bb row_type=\u00a0\u00bbrow\u00a0\u00bb use_row_as_full_screen_section=\u00a0\u00bbno\u00a0\u00bb type=\u00a0\u00bbfull_width\u00a0\u00bb angled_section=\u00a0\u00bbno\u00a0\u00bb text_align=\u00a0\u00bbleft\u00a0\u00bb background_image_as_pattern=\u00a0\u00bbwithout_pattern\u00a0\u00bb][vc_column][vc_empty_space height=\u00a0\u00bb90px\u00a0\u00bb el_class=\u00a0\u00bbblk_spc little\u00a0\u00bb][\/vc_column][\/vc_row]<\/p>\n<\/div>","protected":false},"excerpt":{"rendered":"<p>Depuis le centre technologique de Tecnova, nous commen\u00e7ons la nouvelle ann\u00e9e en pariant sur la cr\u00e9ation d&#8217;emplois et d&rsquo;opportunit\u00e9s. Dans ce cas, les domaines dans lesquels du personnel est requis est le domaine du d\u00e9veloppement industriel et de la technologie des serres, les profils demand\u00e9s \u00e9tant Ingenier @ Agr\u00f3nomo et Ingenier @ Industrial.<\/p>\n","protected":false},"author":1,"featured_media":11576,"comment_status":"open","ping_status":"open","sticky":false,"template":"","format":"standard","meta":{"content-type":"","footnotes":""},"categories":[69],"tags":[],"class_list":["post-11589","post","type-post","status-publish","format-standard","has-post-thumbnail","hentry","category-nouvelles"],"yoast_head":"<!-- This site is optimized with the Yoast SEO plugin v25.6 - https:\/\/yoast.com\/wordpress\/plugins\/seo\/ -->\n<title>Tecnova commence 2021 avec des opportunit\u00e9s d&#039;emploi &#187; Centro Tecnol\u00f3gico Tecnova<\/title>\n<meta name=\"description\" content=\"Centro Tecnol\u00f3gico Tecnova promueve la innovaci\u00f3n aplicada y el desarrollo tecnol\u00f3gico para mejorar la competitividad y rentabilidad de las empresas del sector agroindustrial.\" \/>\n<meta name=\"robots\" content=\"index, follow, max-snippet:-1, max-image-preview:large, max-video-preview:-1\" \/>\n<link rel=\"canonical\" href=\"https:\/\/www.fundaciontecnova.com\/fr\/tecnova-commence-2021-avec-des-opportunites-demploi\/\" \/>\n<meta property=\"og:locale\" content=\"fr_FR\" \/>\n<meta property=\"og:type\" content=\"article\" \/>\n<meta property=\"og:title\" content=\"Tecnova commence 2021 avec des opportunit\u00e9s d&#039;emploi &#187; Centro Tecnol\u00f3gico Tecnova\" \/>\n<meta property=\"og:description\" content=\"Centro Tecnol\u00f3gico Tecnova promueve la innovaci\u00f3n aplicada y el desarrollo tecnol\u00f3gico para mejorar la competitividad y rentabilidad de las empresas del sector agroindustrial.\" \/>\n<meta property=\"og:url\" content=\"https:\/\/www.fundaciontecnova.com\/fr\/tecnova-commence-2021-avec-des-opportunites-demploi\/\" \/>\n<meta property=\"og:site_name\" content=\"Centro Tecnol\u00f3gico Tecnova\" \/>\n<meta property=\"article:published_time\" content=\"2021-01-04T13:19:38+00:00\" \/>\n<meta property=\"og:image\" content=\"https:\/\/www.fundaciontecnova.com\/wp-content\/uploads\/2021\/01\/4-enero-2021-Ofertas-de-Empleo-600x464.png\" \/>\n\t<meta property=\"og:image:width\" content=\"600\" \/>\n\t<meta property=\"og:image:height\" content=\"464\" \/>\n\t<meta property=\"og:image:type\" content=\"image\/png\" \/>\n<meta name=\"author\" content=\"Tecnova\" \/>\n<meta name=\"twitter:card\" content=\"summary_large_image\" \/>\n<meta name=\"twitter:label1\" content=\"\u00c9crit par\" \/>\n\t<meta name=\"twitter:data1\" content=\"Tecnova\" \/>\n\t<meta name=\"twitter:label2\" content=\"Dur\u00e9e de lecture estim\u00e9e\" \/>\n\t<meta name=\"twitter:data2\" content=\"2 minutes\" \/>\n<script type=\"application\/ld+json\" class=\"yoast-schema-graph\">{\"@context\":\"https:\/\/schema.org\",\"@graph\":[{\"@type\":\"Article\",\"@id\":\"https:\/\/www.fundaciontecnova.com\/fr\/tecnova-commence-2021-avec-des-opportunites-demploi\/#article\",\"isPartOf\":{\"@id\":\"https:\/\/www.fundaciontecnova.com\/fr\/tecnova-commence-2021-avec-des-opportunites-demploi\/\"},\"author\":{\"name\":\"Tecnova\",\"@id\":\"https:\/\/www.fundaciontecnova.com\/#\/schema\/person\/c0e6785a616fc7684f489972f3c40965\"},\"headline\":\"Tecnova commence 2021 avec des opportunit\u00e9s d&#8217;emploi\",\"datePublished\":\"2021-01-04T13:19:38+00:00\",\"mainEntityOfPage\":{\"@id\":\"https:\/\/www.fundaciontecnova.com\/fr\/tecnova-commence-2021-avec-des-opportunites-demploi\/\"},\"wordCount\":481,\"commentCount\":0,\"publisher\":{\"@id\":\"https:\/\/www.fundaciontecnova.com\/#organization\"},\"image\":{\"@id\":\"https:\/\/www.fundaciontecnova.com\/fr\/tecnova-commence-2021-avec-des-opportunites-demploi\/#primaryimage\"},\"thumbnailUrl\":\"https:\/\/www.fundaciontecnova.com\/wp-content\/uploads\/2021\/01\/4-enero-2021-Ofertas-de-Empleo.png\",\"articleSection\":[\"Nouvelles\"],\"inLanguage\":\"fr-FR\",\"potentialAction\":[{\"@type\":\"CommentAction\",\"name\":\"Comment\",\"target\":[\"https:\/\/www.fundaciontecnova.com\/fr\/tecnova-commence-2021-avec-des-opportunites-demploi\/#respond\"]}]},{\"@type\":\"WebPage\",\"@id\":\"https:\/\/www.fundaciontecnova.com\/fr\/tecnova-commence-2021-avec-des-opportunites-demploi\/\",\"url\":\"https:\/\/www.fundaciontecnova.com\/fr\/tecnova-commence-2021-avec-des-opportunites-demploi\/\",\"name\":\"Tecnova commence 2021 avec des opportunit\u00e9s d'emploi &#187; Centro Tecnol\u00f3gico Tecnova\",\"isPartOf\":{\"@id\":\"https:\/\/www.fundaciontecnova.com\/#website\"},\"primaryImageOfPage\":{\"@id\":\"https:\/\/www.fundaciontecnova.com\/fr\/tecnova-commence-2021-avec-des-opportunites-demploi\/#primaryimage\"},\"image\":{\"@id\":\"https:\/\/www.fundaciontecnova.com\/fr\/tecnova-commence-2021-avec-des-opportunites-demploi\/#primaryimage\"},\"thumbnailUrl\":\"https:\/\/www.fundaciontecnova.com\/wp-content\/uploads\/2021\/01\/4-enero-2021-Ofertas-de-Empleo.png\",\"datePublished\":\"2021-01-04T13:19:38+00:00\",\"description\":\"Centro Tecnol\u00f3gico Tecnova promueve la innovaci\u00f3n aplicada y el desarrollo tecnol\u00f3gico para mejorar la competitividad y rentabilidad de las empresas del sector agroindustrial.\",\"breadcrumb\":{\"@id\":\"https:\/\/www.fundaciontecnova.com\/fr\/tecnova-commence-2021-avec-des-opportunites-demploi\/#breadcrumb\"},\"inLanguage\":\"fr-FR\",\"potentialAction\":[{\"@type\":\"ReadAction\",\"target\":[\"https:\/\/www.fundaciontecnova.com\/fr\/tecnova-commence-2021-avec-des-opportunites-demploi\/\"]}]},{\"@type\":\"ImageObject\",\"inLanguage\":\"fr-FR\",\"@id\":\"https:\/\/www.fundaciontecnova.com\/fr\/tecnova-commence-2021-avec-des-opportunites-demploi\/#primaryimage\",\"url\":\"https:\/\/www.fundaciontecnova.com\/wp-content\/uploads\/2021\/01\/4-enero-2021-Ofertas-de-Empleo.png\",\"contentUrl\":\"https:\/\/www.fundaciontecnova.com\/wp-content\/uploads\/2021\/01\/4-enero-2021-Ofertas-de-Empleo.png\",\"width\":2000,\"height\":1545},{\"@type\":\"BreadcrumbList\",\"@id\":\"https:\/\/www.fundaciontecnova.com\/fr\/tecnova-commence-2021-avec-des-opportunites-demploi\/#breadcrumb\",\"itemListElement\":[{\"@type\":\"ListItem\",\"position\":1,\"name\":\"Portada\",\"item\":\"https:\/\/www.fundaciontecnova.com\/fr\/\"},{\"@type\":\"ListItem\",\"position\":2,\"name\":\"Tecnova commence 2021 avec des opportunit\u00e9s d&#8217;emploi\"}]},{\"@type\":\"WebSite\",\"@id\":\"https:\/\/www.fundaciontecnova.com\/#website\",\"url\":\"https:\/\/www.fundaciontecnova.com\/\",\"name\":\"Centro Tecnol\u00f3gico Tecnova\",\"description\":\"Es el Centro Tecnol\u00f3gico de la Industria Auxiliar, Postcosecha y Envasado hortofrut\u00edcola. Trabaja en I+D+i, formaci\u00f3n, promoci\u00f3n e internacionalizaci\u00f3n\",\"publisher\":{\"@id\":\"https:\/\/www.fundaciontecnova.com\/#organization\"},\"potentialAction\":[{\"@type\":\"SearchAction\",\"target\":{\"@type\":\"EntryPoint\",\"urlTemplate\":\"https:\/\/www.fundaciontecnova.com\/?s={search_term_string}\"},\"query-input\":{\"@type\":\"PropertyValueSpecification\",\"valueRequired\":true,\"valueName\":\"search_term_string\"}}],\"inLanguage\":\"fr-FR\"},{\"@type\":\"Organization\",\"@id\":\"https:\/\/www.fundaciontecnova.com\/#organization\",\"name\":\"Fundaci\u00f3n Tecnova\",\"url\":\"https:\/\/www.fundaciontecnova.com\/\",\"logo\":{\"@type\":\"ImageObject\",\"inLanguage\":\"fr-FR\",\"@id\":\"https:\/\/www.fundaciontecnova.com\/#\/schema\/logo\/image\/\",\"url\":\"https:\/\/www.fundaciontecnova.com\/wp-content\/uploads\/2020\/04\/LOGO.png\",\"contentUrl\":\"https:\/\/www.fundaciontecnova.com\/wp-content\/uploads\/2020\/04\/LOGO.png\",\"width\":591,\"height\":299,\"caption\":\"Fundaci\u00f3n Tecnova\"},\"image\":{\"@id\":\"https:\/\/www.fundaciontecnova.com\/#\/schema\/logo\/image\/\"}},{\"@type\":\"Person\",\"@id\":\"https:\/\/www.fundaciontecnova.com\/#\/schema\/person\/c0e6785a616fc7684f489972f3c40965\",\"name\":\"Tecnova\",\"image\":{\"@type\":\"ImageObject\",\"inLanguage\":\"fr-FR\",\"@id\":\"https:\/\/www.fundaciontecnova.com\/#\/schema\/person\/image\/\",\"url\":\"https:\/\/secure.gravatar.com\/avatar\/bc5ea6f3e3bffb1766fdc14880a690cc9872d2dc2403418fc661950c80039424?s=96&d=mm&r=g\",\"contentUrl\":\"https:\/\/secure.gravatar.com\/avatar\/bc5ea6f3e3bffb1766fdc14880a690cc9872d2dc2403418fc661950c80039424?s=96&d=mm&r=g\",\"caption\":\"Tecnova\"}}]}<\/script>\n<!-- \/ Yoast SEO plugin. -->","yoast_head_json":{"title":"Tecnova commence 2021 avec des opportunit\u00e9s d'emploi &#187; Centro Tecnol\u00f3gico Tecnova","description":"Centro Tecnol\u00f3gico Tecnova promueve la innovaci\u00f3n aplicada y el desarrollo tecnol\u00f3gico para mejorar la competitividad y rentabilidad de las empresas del sector agroindustrial.","robots":{"index":"index","follow":"follow","max-snippet":"max-snippet:-1","max-image-preview":"max-image-preview:large","max-video-preview":"max-video-preview:-1"},"canonical":"https:\/\/www.fundaciontecnova.com\/fr\/tecnova-commence-2021-avec-des-opportunites-demploi\/","og_locale":"fr_FR","og_type":"article","og_title":"Tecnova commence 2021 avec des opportunit\u00e9s d'emploi &#187; Centro Tecnol\u00f3gico Tecnova","og_description":"Centro Tecnol\u00f3gico Tecnova promueve la innovaci\u00f3n aplicada y el desarrollo tecnol\u00f3gico para mejorar la competitividad y rentabilidad de las empresas del sector agroindustrial.","og_url":"https:\/\/www.fundaciontecnova.com\/fr\/tecnova-commence-2021-avec-des-opportunites-demploi\/","og_site_name":"Centro Tecnol\u00f3gico Tecnova","article_published_time":"2021-01-04T13:19:38+00:00","og_image":[{"width":600,"height":464,"url":"https:\/\/www.fundaciontecnova.com\/wp-content\/uploads\/2021\/01\/4-enero-2021-Ofertas-de-Empleo-600x464.png","type":"image\/png"}],"author":"Tecnova","twitter_card":"summary_large_image","twitter_misc":{"\u00c9crit par":"Tecnova","Dur\u00e9e de lecture estim\u00e9e":"2 minutes"},"schema":{"@context":"https:\/\/schema.org","@graph":[{"@type":"Article","@id":"https:\/\/www.fundaciontecnova.com\/fr\/tecnova-commence-2021-avec-des-opportunites-demploi\/#article","isPartOf":{"@id":"https:\/\/www.fundaciontecnova.com\/fr\/tecnova-commence-2021-avec-des-opportunites-demploi\/"},"author":{"name":"Tecnova","@id":"https:\/\/www.fundaciontecnova.com\/#\/schema\/person\/c0e6785a616fc7684f489972f3c40965"},"headline":"Tecnova commence 2021 avec des opportunit\u00e9s d&#8217;emploi","datePublished":"2021-01-04T13:19:38+00:00","mainEntityOfPage":{"@id":"https:\/\/www.fundaciontecnova.com\/fr\/tecnova-commence-2021-avec-des-opportunites-demploi\/"},"wordCount":481,"commentCount":0,"publisher":{"@id":"https:\/\/www.fundaciontecnova.com\/#organization"},"image":{"@id":"https:\/\/www.fundaciontecnova.com\/fr\/tecnova-commence-2021-avec-des-opportunites-demploi\/#primaryimage"},"thumbnailUrl":"https:\/\/www.fundaciontecnova.com\/wp-content\/uploads\/2021\/01\/4-enero-2021-Ofertas-de-Empleo.png","articleSection":["Nouvelles"],"inLanguage":"fr-FR","potentialAction":[{"@type":"CommentAction","name":"Comment","target":["https:\/\/www.fundaciontecnova.com\/fr\/tecnova-commence-2021-avec-des-opportunites-demploi\/#respond"]}]},{"@type":"WebPage","@id":"https:\/\/www.fundaciontecnova.com\/fr\/tecnova-commence-2021-avec-des-opportunites-demploi\/","url":"https:\/\/www.fundaciontecnova.com\/fr\/tecnova-commence-2021-avec-des-opportunites-demploi\/","name":"Tecnova commence 2021 avec des opportunit\u00e9s d'emploi &#187; Centro Tecnol\u00f3gico Tecnova","isPartOf":{"@id":"https:\/\/www.fundaciontecnova.com\/#website"},"primaryImageOfPage":{"@id":"https:\/\/www.fundaciontecnova.com\/fr\/tecnova-commence-2021-avec-des-opportunites-demploi\/#primaryimage"},"image":{"@id":"https:\/\/www.fundaciontecnova.com\/fr\/tecnova-commence-2021-avec-des-opportunites-demploi\/#primaryimage"},"thumbnailUrl":"https:\/\/www.fundaciontecnova.com\/wp-content\/uploads\/2021\/01\/4-enero-2021-Ofertas-de-Empleo.png","datePublished":"2021-01-04T13:19:38+00:00","description":"Centro Tecnol\u00f3gico Tecnova promueve la innovaci\u00f3n aplicada y el desarrollo tecnol\u00f3gico para mejorar la competitividad y rentabilidad de las empresas del sector agroindustrial.","breadcrumb":{"@id":"https:\/\/www.fundaciontecnova.com\/fr\/tecnova-commence-2021-avec-des-opportunites-demploi\/#breadcrumb"},"inLanguage":"fr-FR","potentialAction":[{"@type":"ReadAction","target":["https:\/\/www.fundaciontecnova.com\/fr\/tecnova-commence-2021-avec-des-opportunites-demploi\/"]}]},{"@type":"ImageObject","inLanguage":"fr-FR","@id":"https:\/\/www.fundaciontecnova.com\/fr\/tecnova-commence-2021-avec-des-opportunites-demploi\/#primaryimage","url":"https:\/\/www.fundaciontecnova.com\/wp-content\/uploads\/2021\/01\/4-enero-2021-Ofertas-de-Empleo.png","contentUrl":"https:\/\/www.fundaciontecnova.com\/wp-content\/uploads\/2021\/01\/4-enero-2021-Ofertas-de-Empleo.png","width":2000,"height":1545},{"@type":"BreadcrumbList","@id":"https:\/\/www.fundaciontecnova.com\/fr\/tecnova-commence-2021-avec-des-opportunites-demploi\/#breadcrumb","itemListElement":[{"@type":"ListItem","position":1,"name":"Portada","item":"https:\/\/www.fundaciontecnova.com\/fr\/"},{"@type":"ListItem","position":2,"name":"Tecnova commence 2021 avec des opportunit\u00e9s d&#8217;emploi"}]},{"@type":"WebSite","@id":"https:\/\/www.fundaciontecnova.com\/#website","url":"https:\/\/www.fundaciontecnova.com\/","name":"Centro Tecnol\u00f3gico Tecnova","description":"Es el Centro Tecnol\u00f3gico de la Industria Auxiliar, Postcosecha y Envasado hortofrut\u00edcola. Trabaja en I+D+i, formaci\u00f3n, promoci\u00f3n e internacionalizaci\u00f3n","publisher":{"@id":"https:\/\/www.fundaciontecnova.com\/#organization"},"potentialAction":[{"@type":"SearchAction","target":{"@type":"EntryPoint","urlTemplate":"https:\/\/www.fundaciontecnova.com\/?s={search_term_string}"},"query-input":{"@type":"PropertyValueSpecification","valueRequired":true,"valueName":"search_term_string"}}],"inLanguage":"fr-FR"},{"@type":"Organization","@id":"https:\/\/www.fundaciontecnova.com\/#organization","name":"Fundaci\u00f3n Tecnova","url":"https:\/\/www.fundaciontecnova.com\/","logo":{"@type":"ImageObject","inLanguage":"fr-FR","@id":"https:\/\/www.fundaciontecnova.com\/#\/schema\/logo\/image\/","url":"https:\/\/www.fundaciontecnova.com\/wp-content\/uploads\/2020\/04\/LOGO.png","contentUrl":"https:\/\/www.fundaciontecnova.com\/wp-content\/uploads\/2020\/04\/LOGO.png","width":591,"height":299,"caption":"Fundaci\u00f3n Tecnova"},"image":{"@id":"https:\/\/www.fundaciontecnova.com\/#\/schema\/logo\/image\/"}},{"@type":"Person","@id":"https:\/\/www.fundaciontecnova.com\/#\/schema\/person\/c0e6785a616fc7684f489972f3c40965","name":"Tecnova","image":{"@type":"ImageObject","inLanguage":"fr-FR","@id":"https:\/\/www.fundaciontecnova.com\/#\/schema\/person\/image\/","url":"https:\/\/secure.gravatar.com\/avatar\/bc5ea6f3e3bffb1766fdc14880a690cc9872d2dc2403418fc661950c80039424?s=96&d=mm&r=g","contentUrl":"https:\/\/secure.gravatar.com\/avatar\/bc5ea6f3e3bffb1766fdc14880a690cc9872d2dc2403418fc661950c80039424?s=96&d=mm&r=g","caption":"Tecnova"}}]}},"_links":{"self":[{"href":"https:\/\/www.fundaciontecnova.com\/fr\/wp-json\/wp\/v2\/posts\/11589","targetHints":{"allow":["GET"]}}],"collection":[{"href":"https:\/\/www.fundaciontecnova.com\/fr\/wp-json\/wp\/v2\/posts"}],"about":[{"href":"https:\/\/www.fundaciontecnova.com\/fr\/wp-json\/wp\/v2\/types\/post"}],"author":[{"embeddable":true,"href":"https:\/\/www.fundaciontecnova.com\/fr\/wp-json\/wp\/v2\/users\/1"}],"replies":[{"embeddable":true,"href":"https:\/\/www.fundaciontecnova.com\/fr\/wp-json\/wp\/v2\/comments?post=11589"}],"version-history":[{"count":2,"href":"https:\/\/www.fundaciontecnova.com\/fr\/wp-json\/wp\/v2\/posts\/11589\/revisions"}],"predecessor-version":[{"id":11591,"href":"https:\/\/www.fundaciontecnova.com\/fr\/wp-json\/wp\/v2\/posts\/11589\/revisions\/11591"}],"wp:featuredmedia":[{"embeddable":true,"href":"https:\/\/www.fundaciontecnova.com\/fr\/wp-json\/wp\/v2\/media\/11576"}],"wp:attachment":[{"href":"https:\/\/www.fundaciontecnova.com\/fr\/wp-json\/wp\/v2\/media?parent=11589"}],"wp:term":[{"taxonomy":"category","embeddable":true,"href":"https:\/\/www.fundaciontecnova.com\/fr\/wp-json\/wp\/v2\/categories?post=11589"},{"taxonomy":"post_tag","embeddable":true,"href":"https:\/\/www.fundaciontecnova.com\/fr\/wp-json\/wp\/v2\/tags?post=11589"}],"curies":[{"name":"wp","href":"https:\/\/api.w.org\/{rel}","templated":true}]}}