{"id":11569,"date":"2020-12-23T14:33:42","date_gmt":"2020-12-23T13:33:42","guid":{"rendered":"http:\/\/www.fundaciontecnova.com\/?p=11569"},"modified":"2020-12-23T14:39:10","modified_gmt":"2020-12-23T13:39:10","slug":"tecnova-atteint-le-record-des-projets-europeens-h2020","status":"publish","type":"post","link":"https:\/\/www.fundaciontecnova.com\/fr\/tecnova-atteint-le-record-des-projets-europeens-h2020\/","title":{"rendered":"Tecnova atteint le record des projets europ\u00e9ens H2020"},"content":{"rendered":"<div class=\"wpb-content-wrapper\"><p>[vc_row css_animation=\u00a0\u00bb\u00a0\u00bb row_type=\u00a0\u00bbrow\u00a0\u00bb use_row_as_full_screen_section=\u00a0\u00bbno\u00a0\u00bb type=\u00a0\u00bbfull_width\u00a0\u00bb angled_section=\u00a0\u00bbno\u00a0\u00bb text_align=\u00a0\u00bbleft\u00a0\u00bb background_image_as_pattern=\u00a0\u00bbwithout_pattern\u00a0\u00bb][vc_column][vc_column_text]<strong>Le Centre de Technologie termine l&rsquo;ann\u00e9e avec 6 projets internationaux de R + D + i, dont 5 europ\u00e9ens H2020.<\/strong><\/p>\n<p>Depuis le d\u00e9but de 2020, et depuis le d\u00e9but de son activit\u00e9, Tecnova a eu pour objectif principal le d\u00e9veloppement et l&rsquo;expansion internationale du centre technologique. Tout au long de cette ann\u00e9e tr\u00e8s particuli\u00e8re, Tecnova a pris un engagement fort en rejoignant les grands consortiums europ\u00e9ens de R&amp;D.<\/p>\n<p>Le Centre Technologique Tecnova a 15 projets internationaux. Celles approuv\u00e9es cette ann\u00e9e 2020 auront une contribution d&rsquo;environ un million et demi d&rsquo;euros pour le centre. Il s&rsquo;agit de projets avec des entreprises et les leurs, dont 5 encadr\u00e9s dans l&rsquo;appel H2020.<\/p>\n<p><strong>H2020 un grand d\u00e9fi pour le d\u00e9veloppement social, industriel et scientifique<\/strong><\/p>\n<p>Cinq des projets du centre font partie de l&rsquo;appel H2020, cr\u00e9\u00e9 pour renforcer la recherche et l&rsquo;innovation au niveau international, abordant trois piliers fondamentaux, tels que les d\u00e9fis sociaux, le leadership industriel (dont Tecnova fait partie) et excellence scientifique.<\/p>\n<p>Dans le cadre du projet CoRoSect, encadr\u00e9 dans l&rsquo;appel H2020 et men\u00e9 chez Tecnova par le bureau d&rsquo;\u00e9tudes industrielles, il propose la cr\u00e9ation d&rsquo;un syst\u00e8me robotique cognitif pour les fermes d&rsquo;insectes num\u00e9ris\u00e9es. Il est r\u00e9alis\u00e9 \u00e0 partir du d\u00e9partement D\u00e9veloppement industriel, dans lequel les possibilit\u00e9s de num\u00e9risation et de robotisation des syst\u00e8mes de cr\u00e9ation de fermes sont analys\u00e9es, 19 partenaires et 12 pays participent au projet, dont la Bulgarie, la Serbie et la Lituanie.<\/p>\n<p>Virtigation est un autre des lancements internationaux du centre technologique, lanc\u00e9 depuis le d\u00e9partement de production d&rsquo;usine de Tecnova. Le principal objectif de ce projet est la cr\u00e9ation de strat\u00e9gies de gestion des maladies des tomates et des courges. Elle sera men\u00e9e par 25 partenaires de 13 pays europ\u00e9ens diff\u00e9rents (Belgique, Luxembourg, Italie, France, Isra\u00ebl, Inde, Maroc, &#8230;) unis par la r\u00e9alisation d&rsquo;une solution efficace pour \u00e9radiquer ce type de maladie.<\/p>\n<p>Un autre projet de grande importance est R\u00fastica, qui fait suite \u00e0 un autre projet europ\u00e9en que Tecnova a r\u00e9cemment ex\u00e9cut\u00e9 et dans lequel il a eu un bon consortium. Son objectif est de promouvoir la validation technique, la d\u00e9monstration et la mise en \u0153uvre de techniques de production d&rsquo;engrais biosourc\u00e9es et l&rsquo;am\u00e9lioration des sols ax\u00e9es sur les d\u00e9chets du syst\u00e8me agroalimentaire des fruits et l\u00e9gumes pour fermer les cycles des nutriments au niveau r\u00e9gional, 8 pays participent au projet (Belgique , France, Italie, Colombie, Pays-Bas,\u2026) et 16 partenaires.<\/p>\n<p>Dans les projets en cours d&rsquo;ex\u00e9cution, approuv\u00e9s les ann\u00e9es pr\u00e9c\u00e9dentes, se distingue le projet Agrobofood, qui vise \u00e0 cr\u00e9er un r\u00e9seau stable de centres DIH et de centres de comp\u00e9tences qui accompagnent les entreprises dans l&rsquo;introduction de la robotique dans le secteur agricole. Tecnova en tant que P\u00f4le d&rsquo;Innovation Num\u00e9rique (DIH) au sein de la r\u00e9gion Iberia accompagne les entreprises dans le d\u00e9veloppement de la robotique appliqu\u00e9e au secteur agroalimentaire. Elle compte 39 partenaires et 16 pays participants (Allemagne, Gr\u00e8ce, Portugal, Finlande, Royaume-Uni, Serbie, &#8230;).<\/p>\n<p>Un autre grand projet europ\u00e9en en cours d&rsquo;ex\u00e9cution est l&rsquo;IOF, qui cherche \u00e0 appliquer les technologies IOT dans les diff\u00e9rents secteurs agroalimentaires d&rsquo;Europe, pour cela, des exp\u00e9riences ont \u00e9t\u00e9 faites pour int\u00e9grer la technologie aux agriculteurs et aux \u00e9leveurs et r\u00e9duire la fracture num\u00e9rique. Des r\u00e9alisations ont \u00e9t\u00e9 faites \u00e0 partir du secteur de la viande bovine, de la volaille, de l&rsquo;oliveraie, des fruits \u00e0 noyau, des c\u00e9r\u00e9ales et de l&rsquo;horticulture, le projet compte 72 partenaires.<\/p>\n<p>Enfin, un projet international avec Ha\u00efti a \u00e9t\u00e9 approuv\u00e9 par l&rsquo;AECID, appel\u00e9 AQUAHAITI, o\u00f9 Tecnova est le leader et 2 autres partenaires participent (CIDEAL et SOHADERK). Il s&rsquo;agit d&rsquo;un projet d\u00e9velopp\u00e9 par le d\u00e9partement de la technologie des serres pour mettre en \u0153uvre un projet pilote qui comprend une serre adapt\u00e9e aux conditions locales et un syst\u00e8me aquaponique comme mod\u00e8le de production en Ha\u00efti. La mise en \u0153uvre du mod\u00e8le s&rsquo;accompagne d&rsquo;un important plan de formation pour les agriculteurs ha\u00eftiens, dans le but d&rsquo;am\u00e9liorer leurs connaissances sur la gestion des cultures horticoles<\/p>\n<p>Pour Mari Carmen Galera, directrice g\u00e9n\u00e9rale de Tecnova, la r\u00e9alisation de tous ces projets est le r\u00e9sultat du travail que Tecnova d\u00e9veloppe depuis de nombreuses ann\u00e9es pour se positionner parmi les principaux acteurs pour d\u00e9velopper des projets de R&amp;D d&rsquo;int\u00e9r\u00eat pour le secteur agro-industriel et, pour cela , a \u00e9t\u00e9 pr\u00e9sent dans tous les forums et r\u00e9unions qui ont eu lieu en Europe, participant activement aux comit\u00e9s d&rsquo;experts. Sans aucun doute, il a consolid\u00e9 un d\u00e9partement de projets sous la direction de son directeur, Guadalupe L\u00f3pez, remportant un grand succ\u00e8s dans les principaux consortiums auxquels il participe, donnant des r\u00e9sultats extraordinaires car ce sont des appels tr\u00e8s comp\u00e9titifs au niveau europ\u00e9en. Gr\u00e2ce \u00e0 l&rsquo;union des diff\u00e9rents pays et entreprises, l&rsquo;\u00e9change d&rsquo;exp\u00e9riences et de formation entre les diff\u00e9rents acteurs est r\u00e9alis\u00e9, une grande source de connaissances pour tous les membres, encourag\u00e9e par l&rsquo;\u00e9change culturel dans la production et la gestion des fruits et l\u00e9gumes.<\/p>\n<p><strong>Parier sur des projets de d\u00e9veloppement \u00e9conomique et social de diff\u00e9rents pays<\/strong><\/p>\n<p>Tecnova poss\u00e8de une solide exp\u00e9rience dans le d\u00e9veloppement et le d\u00e9marrage de projets pilotes et la conception de mod\u00e8les de production dans diff\u00e9rents pays du monde qu&rsquo;elle a r\u00e9alis\u00e9 en Chine, au Maroc, au Mexique, en Egypte et au P\u00e9rou depuis le d\u00e9partement Greenhouse Technology. Profitant du fait que des travaux avaient d\u00e9j\u00e0 commenc\u00e9 aupr\u00e8s des agriculteurs ha\u00eftiens, ce projet a \u00e9t\u00e9 lanc\u00e9 pour promouvoir le mod\u00e8le productif en Ha\u00efti pour l&#8217;emploi et la richesse du territoire. Avec lui, le d\u00e9fi de d\u00e9velopper un syst\u00e8me aquaponique m\u00e9lang\u00e9 \u00e0 la culture en serre est pr\u00e9sent\u00e9 pour am\u00e9liorer la s\u00e9curit\u00e9 alimentaire et la situation du secteur agricole.<\/p>\n<p>Tecnova collabore, dans ce projet, avec CIDEAL et SOHADERK \u00e0 la croissance de la communaut\u00e9 rurale d&rsquo;Ha\u00efti vers l&rsquo;adoption de nouvelles pratiques agricoles plus durables tout en permettant d&rsquo;augmenter la productivit\u00e9 et de r\u00e9duire la d\u00e9pendance aux importations.<\/p>\n<p>Pour la directrice de Tecnova, Mari Carmen Galera, ce projet est une belle opportunit\u00e9 du point de vue \u00e9conomique et social car il nous permet d&rsquo;aider un pays en manque de ressources et qui voit dans l&rsquo;agriculture technifi\u00e9e un mode de vie durable et bien que non C&rsquo;est un pays dans lequel il est facile de travailler. C&rsquo;est un d\u00e9fi int\u00e9ressant en raison des effets positifs que notre aide peut provoquer, aidant \u00e9galement nos entreprises \u00e0 approcher des pays qui leur sont plus inconnus. L&rsquo;ann\u00e9e 2021 est pr\u00e9sent\u00e9e comme une belle opportunit\u00e9 de croissance commerciale au niveau international pour le centre et pour les entreprises qui font partie du cluster.[\/vc_column_text][\/vc_column][\/vc_row][vc_row css_animation=\u00a0\u00bb\u00a0\u00bb row_type=\u00a0\u00bbrow\u00a0\u00bb use_row_as_full_screen_section=\u00a0\u00bbno\u00a0\u00bb type=\u00a0\u00bbfull_width\u00a0\u00bb angled_section=\u00a0\u00bbno\u00a0\u00bb text_align=\u00a0\u00bbleft\u00a0\u00bb background_image_as_pattern=\u00a0\u00bbwithout_pattern\u00a0\u00bb][vc_column][vc_empty_space height=\u00a0\u00bb90px\u00a0\u00bb el_class=\u00a0\u00bbblk_spc little\u00a0\u00bb][\/vc_column][\/vc_row]<\/p>\n<\/div>","protected":false},"excerpt":{"rendered":"<p>Depuis le d\u00e9but de 2020, et depuis le d\u00e9but de son activit\u00e9, Tecnova a eu pour objectif principal le d\u00e9veloppement et l&rsquo;expansion internationale du centre technologique. Tout au long de cette ann\u00e9e tr\u00e8s particuli\u00e8re, Tecnova a pris un engagement fort en rejoignant les grands consortiums europ\u00e9ens de R&#038;D.<\/p>\n","protected":false},"author":1,"featured_media":11555,"comment_status":"open","ping_status":"open","sticky":false,"template":"","format":"standard","meta":{"content-type":"","footnotes":""},"categories":[69],"tags":[],"class_list":["post-11569","post","type-post","status-publish","format-standard","has-post-thumbnail","hentry","category-nouvelles"],"yoast_head":"<!-- This site is optimized with the Yoast SEO plugin v25.6 - https:\/\/yoast.com\/wordpress\/plugins\/seo\/ -->\n<title>Tecnova atteint le record des projets europ\u00e9ens H2020 &#187; Centro Tecnol\u00f3gico Tecnova<\/title>\n<meta name=\"description\" content=\"Centro Tecnol\u00f3gico Tecnova promueve la innovaci\u00f3n aplicada y el desarrollo tecnol\u00f3gico para mejorar la competitividad y rentabilidad de las empresas del sector agroindustrial.\" \/>\n<meta name=\"robots\" content=\"index, follow, max-snippet:-1, max-image-preview:large, max-video-preview:-1\" \/>\n<link rel=\"canonical\" href=\"https:\/\/www.fundaciontecnova.com\/fr\/tecnova-atteint-le-record-des-projets-europeens-h2020\/\" \/>\n<meta property=\"og:locale\" content=\"fr_FR\" \/>\n<meta property=\"og:type\" content=\"article\" \/>\n<meta property=\"og:title\" content=\"Tecnova atteint le record des projets europ\u00e9ens H2020 &#187; Centro Tecnol\u00f3gico Tecnova\" \/>\n<meta property=\"og:description\" content=\"Centro Tecnol\u00f3gico Tecnova promueve la innovaci\u00f3n aplicada y el desarrollo tecnol\u00f3gico para mejorar la competitividad y rentabilidad de las empresas del sector agroindustrial.\" \/>\n<meta property=\"og:url\" content=\"https:\/\/www.fundaciontecnova.com\/fr\/tecnova-atteint-le-record-des-projets-europeens-h2020\/\" \/>\n<meta property=\"og:site_name\" content=\"Centro Tecnol\u00f3gico Tecnova\" \/>\n<meta property=\"article:published_time\" content=\"2020-12-23T13:33:42+00:00\" \/>\n<meta property=\"article:modified_time\" content=\"2020-12-23T13:39:10+00:00\" \/>\n<meta property=\"og:image\" content=\"https:\/\/www.fundaciontecnova.com\/wp-content\/uploads\/2020\/12\/Centro-Tecnol\u00f3gico-Tecnova-Proyecto-Internacional-IoF2020.jpg\" \/>\n\t<meta property=\"og:image:width\" content=\"868\" \/>\n\t<meta property=\"og:image:height\" content=\"486\" \/>\n\t<meta property=\"og:image:type\" content=\"image\/jpeg\" \/>\n<meta name=\"author\" content=\"Tecnova\" \/>\n<meta name=\"twitter:card\" content=\"summary_large_image\" \/>\n<meta name=\"twitter:label1\" content=\"\u00c9crit par\" \/>\n\t<meta name=\"twitter:data1\" content=\"Tecnova\" \/>\n\t<meta name=\"twitter:label2\" content=\"Dur\u00e9e de lecture estim\u00e9e\" \/>\n\t<meta name=\"twitter:data2\" content=\"6 minutes\" \/>\n<script type=\"application\/ld+json\" class=\"yoast-schema-graph\">{\"@context\":\"https:\/\/schema.org\",\"@graph\":[{\"@type\":\"Article\",\"@id\":\"https:\/\/www.fundaciontecnova.com\/fr\/tecnova-atteint-le-record-des-projets-europeens-h2020\/#article\",\"isPartOf\":{\"@id\":\"https:\/\/www.fundaciontecnova.com\/fr\/tecnova-atteint-le-record-des-projets-europeens-h2020\/\"},\"author\":{\"name\":\"Tecnova\",\"@id\":\"https:\/\/www.fundaciontecnova.com\/#\/schema\/person\/c0e6785a616fc7684f489972f3c40965\"},\"headline\":\"Tecnova atteint le record des projets europ\u00e9ens H2020\",\"datePublished\":\"2020-12-23T13:33:42+00:00\",\"dateModified\":\"2020-12-23T13:39:10+00:00\",\"mainEntityOfPage\":{\"@id\":\"https:\/\/www.fundaciontecnova.com\/fr\/tecnova-atteint-le-record-des-projets-europeens-h2020\/\"},\"wordCount\":1315,\"commentCount\":0,\"publisher\":{\"@id\":\"https:\/\/www.fundaciontecnova.com\/#organization\"},\"image\":{\"@id\":\"https:\/\/www.fundaciontecnova.com\/fr\/tecnova-atteint-le-record-des-projets-europeens-h2020\/#primaryimage\"},\"thumbnailUrl\":\"https:\/\/www.fundaciontecnova.com\/wp-content\/uploads\/2020\/12\/Centro-Tecnol\u00f3gico-Tecnova-Proyecto-Internacional-IoF2020.jpg\",\"articleSection\":[\"Nouvelles\"],\"inLanguage\":\"fr-FR\",\"potentialAction\":[{\"@type\":\"CommentAction\",\"name\":\"Comment\",\"target\":[\"https:\/\/www.fundaciontecnova.com\/fr\/tecnova-atteint-le-record-des-projets-europeens-h2020\/#respond\"]}]},{\"@type\":\"WebPage\",\"@id\":\"https:\/\/www.fundaciontecnova.com\/fr\/tecnova-atteint-le-record-des-projets-europeens-h2020\/\",\"url\":\"https:\/\/www.fundaciontecnova.com\/fr\/tecnova-atteint-le-record-des-projets-europeens-h2020\/\",\"name\":\"Tecnova atteint le record des projets europ\u00e9ens H2020 &#187; Centro Tecnol\u00f3gico Tecnova\",\"isPartOf\":{\"@id\":\"https:\/\/www.fundaciontecnova.com\/#website\"},\"primaryImageOfPage\":{\"@id\":\"https:\/\/www.fundaciontecnova.com\/fr\/tecnova-atteint-le-record-des-projets-europeens-h2020\/#primaryimage\"},\"image\":{\"@id\":\"https:\/\/www.fundaciontecnova.com\/fr\/tecnova-atteint-le-record-des-projets-europeens-h2020\/#primaryimage\"},\"thumbnailUrl\":\"https:\/\/www.fundaciontecnova.com\/wp-content\/uploads\/2020\/12\/Centro-Tecnol\u00f3gico-Tecnova-Proyecto-Internacional-IoF2020.jpg\",\"datePublished\":\"2020-12-23T13:33:42+00:00\",\"dateModified\":\"2020-12-23T13:39:10+00:00\",\"description\":\"Centro Tecnol\u00f3gico Tecnova promueve la innovaci\u00f3n aplicada y el desarrollo tecnol\u00f3gico para mejorar la competitividad y rentabilidad de las empresas del sector agroindustrial.\",\"breadcrumb\":{\"@id\":\"https:\/\/www.fundaciontecnova.com\/fr\/tecnova-atteint-le-record-des-projets-europeens-h2020\/#breadcrumb\"},\"inLanguage\":\"fr-FR\",\"potentialAction\":[{\"@type\":\"ReadAction\",\"target\":[\"https:\/\/www.fundaciontecnova.com\/fr\/tecnova-atteint-le-record-des-projets-europeens-h2020\/\"]}]},{\"@type\":\"ImageObject\",\"inLanguage\":\"fr-FR\",\"@id\":\"https:\/\/www.fundaciontecnova.com\/fr\/tecnova-atteint-le-record-des-projets-europeens-h2020\/#primaryimage\",\"url\":\"https:\/\/www.fundaciontecnova.com\/wp-content\/uploads\/2020\/12\/Centro-Tecnol\u00f3gico-Tecnova-Proyecto-Internacional-IoF2020.jpg\",\"contentUrl\":\"https:\/\/www.fundaciontecnova.com\/wp-content\/uploads\/2020\/12\/Centro-Tecnol\u00f3gico-Tecnova-Proyecto-Internacional-IoF2020.jpg\",\"width\":868,\"height\":486},{\"@type\":\"BreadcrumbList\",\"@id\":\"https:\/\/www.fundaciontecnova.com\/fr\/tecnova-atteint-le-record-des-projets-europeens-h2020\/#breadcrumb\",\"itemListElement\":[{\"@type\":\"ListItem\",\"position\":1,\"name\":\"Portada\",\"item\":\"https:\/\/www.fundaciontecnova.com\/fr\/\"},{\"@type\":\"ListItem\",\"position\":2,\"name\":\"Tecnova atteint le record des projets europ\u00e9ens H2020\"}]},{\"@type\":\"WebSite\",\"@id\":\"https:\/\/www.fundaciontecnova.com\/#website\",\"url\":\"https:\/\/www.fundaciontecnova.com\/\",\"name\":\"Centro Tecnol\u00f3gico Tecnova\",\"description\":\"Es el Centro Tecnol\u00f3gico de la Industria Auxiliar, Postcosecha y Envasado hortofrut\u00edcola. Trabaja en I+D+i, formaci\u00f3n, promoci\u00f3n e internacionalizaci\u00f3n\",\"publisher\":{\"@id\":\"https:\/\/www.fundaciontecnova.com\/#organization\"},\"potentialAction\":[{\"@type\":\"SearchAction\",\"target\":{\"@type\":\"EntryPoint\",\"urlTemplate\":\"https:\/\/www.fundaciontecnova.com\/?s={search_term_string}\"},\"query-input\":{\"@type\":\"PropertyValueSpecification\",\"valueRequired\":true,\"valueName\":\"search_term_string\"}}],\"inLanguage\":\"fr-FR\"},{\"@type\":\"Organization\",\"@id\":\"https:\/\/www.fundaciontecnova.com\/#organization\",\"name\":\"Fundaci\u00f3n Tecnova\",\"url\":\"https:\/\/www.fundaciontecnova.com\/\",\"logo\":{\"@type\":\"ImageObject\",\"inLanguage\":\"fr-FR\",\"@id\":\"https:\/\/www.fundaciontecnova.com\/#\/schema\/logo\/image\/\",\"url\":\"https:\/\/www.fundaciontecnova.com\/wp-content\/uploads\/2020\/04\/LOGO.png\",\"contentUrl\":\"https:\/\/www.fundaciontecnova.com\/wp-content\/uploads\/2020\/04\/LOGO.png\",\"width\":591,\"height\":299,\"caption\":\"Fundaci\u00f3n Tecnova\"},\"image\":{\"@id\":\"https:\/\/www.fundaciontecnova.com\/#\/schema\/logo\/image\/\"}},{\"@type\":\"Person\",\"@id\":\"https:\/\/www.fundaciontecnova.com\/#\/schema\/person\/c0e6785a616fc7684f489972f3c40965\",\"name\":\"Tecnova\",\"image\":{\"@type\":\"ImageObject\",\"inLanguage\":\"fr-FR\",\"@id\":\"https:\/\/www.fundaciontecnova.com\/#\/schema\/person\/image\/\",\"url\":\"https:\/\/secure.gravatar.com\/avatar\/bc5ea6f3e3bffb1766fdc14880a690cc9872d2dc2403418fc661950c80039424?s=96&d=mm&r=g\",\"contentUrl\":\"https:\/\/secure.gravatar.com\/avatar\/bc5ea6f3e3bffb1766fdc14880a690cc9872d2dc2403418fc661950c80039424?s=96&d=mm&r=g\",\"caption\":\"Tecnova\"}}]}<\/script>\n<!-- \/ Yoast SEO plugin. -->","yoast_head_json":{"title":"Tecnova atteint le record des projets europ\u00e9ens H2020 &#187; Centro Tecnol\u00f3gico Tecnova","description":"Centro Tecnol\u00f3gico Tecnova promueve la innovaci\u00f3n aplicada y el desarrollo tecnol\u00f3gico para mejorar la competitividad y rentabilidad de las empresas del sector agroindustrial.","robots":{"index":"index","follow":"follow","max-snippet":"max-snippet:-1","max-image-preview":"max-image-preview:large","max-video-preview":"max-video-preview:-1"},"canonical":"https:\/\/www.fundaciontecnova.com\/fr\/tecnova-atteint-le-record-des-projets-europeens-h2020\/","og_locale":"fr_FR","og_type":"article","og_title":"Tecnova atteint le record des projets europ\u00e9ens H2020 &#187; Centro Tecnol\u00f3gico Tecnova","og_description":"Centro Tecnol\u00f3gico Tecnova promueve la innovaci\u00f3n aplicada y el desarrollo tecnol\u00f3gico para mejorar la competitividad y rentabilidad de las empresas del sector agroindustrial.","og_url":"https:\/\/www.fundaciontecnova.com\/fr\/tecnova-atteint-le-record-des-projets-europeens-h2020\/","og_site_name":"Centro Tecnol\u00f3gico Tecnova","article_published_time":"2020-12-23T13:33:42+00:00","article_modified_time":"2020-12-23T13:39:10+00:00","og_image":[{"width":868,"height":486,"url":"https:\/\/www.fundaciontecnova.com\/wp-content\/uploads\/2020\/12\/Centro-Tecnol\u00f3gico-Tecnova-Proyecto-Internacional-IoF2020.jpg","type":"image\/jpeg"}],"author":"Tecnova","twitter_card":"summary_large_image","twitter_misc":{"\u00c9crit par":"Tecnova","Dur\u00e9e de lecture estim\u00e9e":"6 minutes"},"schema":{"@context":"https:\/\/schema.org","@graph":[{"@type":"Article","@id":"https:\/\/www.fundaciontecnova.com\/fr\/tecnova-atteint-le-record-des-projets-europeens-h2020\/#article","isPartOf":{"@id":"https:\/\/www.fundaciontecnova.com\/fr\/tecnova-atteint-le-record-des-projets-europeens-h2020\/"},"author":{"name":"Tecnova","@id":"https:\/\/www.fundaciontecnova.com\/#\/schema\/person\/c0e6785a616fc7684f489972f3c40965"},"headline":"Tecnova atteint le record des projets europ\u00e9ens H2020","datePublished":"2020-12-23T13:33:42+00:00","dateModified":"2020-12-23T13:39:10+00:00","mainEntityOfPage":{"@id":"https:\/\/www.fundaciontecnova.com\/fr\/tecnova-atteint-le-record-des-projets-europeens-h2020\/"},"wordCount":1315,"commentCount":0,"publisher":{"@id":"https:\/\/www.fundaciontecnova.com\/#organization"},"image":{"@id":"https:\/\/www.fundaciontecnova.com\/fr\/tecnova-atteint-le-record-des-projets-europeens-h2020\/#primaryimage"},"thumbnailUrl":"https:\/\/www.fundaciontecnova.com\/wp-content\/uploads\/2020\/12\/Centro-Tecnol\u00f3gico-Tecnova-Proyecto-Internacional-IoF2020.jpg","articleSection":["Nouvelles"],"inLanguage":"fr-FR","potentialAction":[{"@type":"CommentAction","name":"Comment","target":["https:\/\/www.fundaciontecnova.com\/fr\/tecnova-atteint-le-record-des-projets-europeens-h2020\/#respond"]}]},{"@type":"WebPage","@id":"https:\/\/www.fundaciontecnova.com\/fr\/tecnova-atteint-le-record-des-projets-europeens-h2020\/","url":"https:\/\/www.fundaciontecnova.com\/fr\/tecnova-atteint-le-record-des-projets-europeens-h2020\/","name":"Tecnova atteint le record des projets europ\u00e9ens H2020 &#187; Centro Tecnol\u00f3gico Tecnova","isPartOf":{"@id":"https:\/\/www.fundaciontecnova.com\/#website"},"primaryImageOfPage":{"@id":"https:\/\/www.fundaciontecnova.com\/fr\/tecnova-atteint-le-record-des-projets-europeens-h2020\/#primaryimage"},"image":{"@id":"https:\/\/www.fundaciontecnova.com\/fr\/tecnova-atteint-le-record-des-projets-europeens-h2020\/#primaryimage"},"thumbnailUrl":"https:\/\/www.fundaciontecnova.com\/wp-content\/uploads\/2020\/12\/Centro-Tecnol\u00f3gico-Tecnova-Proyecto-Internacional-IoF2020.jpg","datePublished":"2020-12-23T13:33:42+00:00","dateModified":"2020-12-23T13:39:10+00:00","description":"Centro Tecnol\u00f3gico Tecnova promueve la innovaci\u00f3n aplicada y el desarrollo tecnol\u00f3gico para mejorar la competitividad y rentabilidad de las empresas del sector agroindustrial.","breadcrumb":{"@id":"https:\/\/www.fundaciontecnova.com\/fr\/tecnova-atteint-le-record-des-projets-europeens-h2020\/#breadcrumb"},"inLanguage":"fr-FR","potentialAction":[{"@type":"ReadAction","target":["https:\/\/www.fundaciontecnova.com\/fr\/tecnova-atteint-le-record-des-projets-europeens-h2020\/"]}]},{"@type":"ImageObject","inLanguage":"fr-FR","@id":"https:\/\/www.fundaciontecnova.com\/fr\/tecnova-atteint-le-record-des-projets-europeens-h2020\/#primaryimage","url":"https:\/\/www.fundaciontecnova.com\/wp-content\/uploads\/2020\/12\/Centro-Tecnol\u00f3gico-Tecnova-Proyecto-Internacional-IoF2020.jpg","contentUrl":"https:\/\/www.fundaciontecnova.com\/wp-content\/uploads\/2020\/12\/Centro-Tecnol\u00f3gico-Tecnova-Proyecto-Internacional-IoF2020.jpg","width":868,"height":486},{"@type":"BreadcrumbList","@id":"https:\/\/www.fundaciontecnova.com\/fr\/tecnova-atteint-le-record-des-projets-europeens-h2020\/#breadcrumb","itemListElement":[{"@type":"ListItem","position":1,"name":"Portada","item":"https:\/\/www.fundaciontecnova.com\/fr\/"},{"@type":"ListItem","position":2,"name":"Tecnova atteint le record des projets europ\u00e9ens H2020"}]},{"@type":"WebSite","@id":"https:\/\/www.fundaciontecnova.com\/#website","url":"https:\/\/www.fundaciontecnova.com\/","name":"Centro Tecnol\u00f3gico Tecnova","description":"Es el Centro Tecnol\u00f3gico de la Industria Auxiliar, Postcosecha y Envasado hortofrut\u00edcola. Trabaja en I+D+i, formaci\u00f3n, promoci\u00f3n e internacionalizaci\u00f3n","publisher":{"@id":"https:\/\/www.fundaciontecnova.com\/#organization"},"potentialAction":[{"@type":"SearchAction","target":{"@type":"EntryPoint","urlTemplate":"https:\/\/www.fundaciontecnova.com\/?s={search_term_string}"},"query-input":{"@type":"PropertyValueSpecification","valueRequired":true,"valueName":"search_term_string"}}],"inLanguage":"fr-FR"},{"@type":"Organization","@id":"https:\/\/www.fundaciontecnova.com\/#organization","name":"Fundaci\u00f3n Tecnova","url":"https:\/\/www.fundaciontecnova.com\/","logo":{"@type":"ImageObject","inLanguage":"fr-FR","@id":"https:\/\/www.fundaciontecnova.com\/#\/schema\/logo\/image\/","url":"https:\/\/www.fundaciontecnova.com\/wp-content\/uploads\/2020\/04\/LOGO.png","contentUrl":"https:\/\/www.fundaciontecnova.com\/wp-content\/uploads\/2020\/04\/LOGO.png","width":591,"height":299,"caption":"Fundaci\u00f3n Tecnova"},"image":{"@id":"https:\/\/www.fundaciontecnova.com\/#\/schema\/logo\/image\/"}},{"@type":"Person","@id":"https:\/\/www.fundaciontecnova.com\/#\/schema\/person\/c0e6785a616fc7684f489972f3c40965","name":"Tecnova","image":{"@type":"ImageObject","inLanguage":"fr-FR","@id":"https:\/\/www.fundaciontecnova.com\/#\/schema\/person\/image\/","url":"https:\/\/secure.gravatar.com\/avatar\/bc5ea6f3e3bffb1766fdc14880a690cc9872d2dc2403418fc661950c80039424?s=96&d=mm&r=g","contentUrl":"https:\/\/secure.gravatar.com\/avatar\/bc5ea6f3e3bffb1766fdc14880a690cc9872d2dc2403418fc661950c80039424?s=96&d=mm&r=g","caption":"Tecnova"}}]}},"_links":{"self":[{"href":"https:\/\/www.fundaciontecnova.com\/fr\/wp-json\/wp\/v2\/posts\/11569","targetHints":{"allow":["GET"]}}],"collection":[{"href":"https:\/\/www.fundaciontecnova.com\/fr\/wp-json\/wp\/v2\/posts"}],"about":[{"href":"https:\/\/www.fundaciontecnova.com\/fr\/wp-json\/wp\/v2\/types\/post"}],"author":[{"embeddable":true,"href":"https:\/\/www.fundaciontecnova.com\/fr\/wp-json\/wp\/v2\/users\/1"}],"replies":[{"embeddable":true,"href":"https:\/\/www.fundaciontecnova.com\/fr\/wp-json\/wp\/v2\/comments?post=11569"}],"version-history":[{"count":1,"href":"https:\/\/www.fundaciontecnova.com\/fr\/wp-json\/wp\/v2\/posts\/11569\/revisions"}],"predecessor-version":[{"id":11570,"href":"https:\/\/www.fundaciontecnova.com\/fr\/wp-json\/wp\/v2\/posts\/11569\/revisions\/11570"}],"wp:featuredmedia":[{"embeddable":true,"href":"https:\/\/www.fundaciontecnova.com\/fr\/wp-json\/wp\/v2\/media\/11555"}],"wp:attachment":[{"href":"https:\/\/www.fundaciontecnova.com\/fr\/wp-json\/wp\/v2\/media?parent=11569"}],"wp:term":[{"taxonomy":"category","embeddable":true,"href":"https:\/\/www.fundaciontecnova.com\/fr\/wp-json\/wp\/v2\/categories?post=11569"},{"taxonomy":"post_tag","embeddable":true,"href":"https:\/\/www.fundaciontecnova.com\/fr\/wp-json\/wp\/v2\/tags?post=11569"}],"curies":[{"name":"wp","href":"https:\/\/api.w.org\/{rel}","templated":true}]}}