{"id":11521,"date":"2020-12-03T13:27:37","date_gmt":"2020-12-03T12:27:37","guid":{"rendered":"http:\/\/www.fundaciontecnova.com\/?p=11521"},"modified":"2020-12-03T13:27:37","modified_gmt":"2020-12-03T12:27:37","slug":"formation-internationale-pour-les-agriculteurs-iraniens-a-tecnova","status":"publish","type":"post","link":"https:\/\/www.fundaciontecnova.com\/fr\/formation-internationale-pour-les-agriculteurs-iraniens-a-tecnova\/","title":{"rendered":"Formation internationale pour les agriculteurs iraniens \u00e0 Tecnova"},"content":{"rendered":"<div class=\"wpb-content-wrapper\"><p>[vc_row css_animation=\u00a0\u00bb\u00a0\u00bb row_type=\u00a0\u00bbrow\u00a0\u00bb use_row_as_full_screen_section=\u00a0\u00bbno\u00a0\u00bb type=\u00a0\u00bbfull_width\u00a0\u00bb angled_section=\u00a0\u00bbno\u00a0\u00bb text_align=\u00a0\u00bbleft\u00a0\u00bb background_image_as_pattern=\u00a0\u00bbwithout_pattern\u00a0\u00bb][vc_column][vc_column_text]Le Centre Technologique de Tecnova, dans le cadre d&rsquo;un objectif d&rsquo;expansion internationale et de formation agro-industrielle, a donn\u00e9 le cours intensif sur la gestion des serres en climat chaud, dispens\u00e9 par l&rsquo;\u00e9quipe technique sp\u00e9cialis\u00e9e de Tecnova. Tout au long du cours, distribu\u00e9 en contenu th\u00e9orique-pratique, il a \u00e9t\u00e9 possible de conna\u00eetre le mod\u00e8le socio-\u00e9conomique d&rsquo;Almer\u00eda, les diff\u00e9rents syst\u00e8mes de production sous plastique, les technologies appliqu\u00e9es dans la serre, la climatisation et la gestion des substrats, la lutte antiparasitaire et l&rsquo;irrigation. dans les serres. technologies et maladies.<\/p>\n<p>Il y a eu 12 agriculteurs qui ont assist\u00e9 \u00e0 la formation donn\u00e9e, en personne au centre de technologie. Pendant le cours, les participants ont \u00e9galement pu \u00e9changer leurs exp\u00e9riences avec des entreprises du secteur. La c\u00e9l\u00e9bration de ce premier volet de la formation est sans aucun doute un point de d\u00e9part pour la poursuite des relations du centre avec les entreprises agricoles iraniennes.[\/vc_column_text][\/vc_column][\/vc_row][vc_row css_animation=\u00a0\u00bb\u00a0\u00bb row_type=\u00a0\u00bbrow\u00a0\u00bb use_row_as_full_screen_section=\u00a0\u00bbno\u00a0\u00bb type=\u00a0\u00bbfull_width\u00a0\u00bb angled_section=\u00a0\u00bbno\u00a0\u00bb text_align=\u00a0\u00bbleft\u00a0\u00bb background_image_as_pattern=\u00a0\u00bbwithout_pattern\u00a0\u00bb][vc_column][vc_empty_space height=\u00a0\u00bb90px\u00a0\u00bb el_class=\u00a0\u00bbblk_spc little\u00a0\u00bb][\/vc_column][\/vc_row][vc_row css_animation=\u00a0\u00bb\u00a0\u00bb row_type=\u00a0\u00bbrow\u00a0\u00bb use_row_as_full_screen_section=\u00a0\u00bbno\u00a0\u00bb type=\u00a0\u00bbfull_width\u00a0\u00bb angled_section=\u00a0\u00bbno\u00a0\u00bb text_align=\u00a0\u00bbleft\u00a0\u00bb background_image_as_pattern=\u00a0\u00bbwithout_pattern\u00a0\u00bb][vc_column][vc_gallery type=\u00a0\u00bbimage_grid\u00a0\u00bb images=\u00a0\u00bb11515,11512,11509,11506,11503,11500,11497,11494,11491,11488,11485,11482,11479,11476,11473,11470,11467,11464,11461,11458,11455,11452,11448&Prime; column_number=\u00a0\u00bb2&Prime; grayscale=\u00a0\u00bbno\u00a0\u00bb images_space=\u00a0\u00bbgallery_without_space\u00a0\u00bb][\/vc_column][\/vc_row]<\/p>\n<\/div>","protected":false},"excerpt":{"rendered":"<p>Le Centre Technologique de Tecnova, dans le cadre d&rsquo;un objectif d&rsquo;expansion internationale et de formation agro-industrielle, a donn\u00e9 le cours intensif sur la gestion des serres en climat chaud, dispens\u00e9 par l&rsquo;\u00e9quipe technique sp\u00e9cialis\u00e9e de Tecnova.<\/p>\n","protected":false},"author":1,"featured_media":11448,"comment_status":"open","ping_status":"open","sticky":false,"template":"","format":"standard","meta":{"content-type":"","footnotes":""},"categories":[69],"tags":[],"class_list":["post-11521","post","type-post","status-publish","format-standard","has-post-thumbnail","hentry","category-nouvelles"],"yoast_head":"<!-- This site is optimized with the Yoast SEO plugin v25.6 - https:\/\/yoast.com\/wordpress\/plugins\/seo\/ -->\n<title>Formation internationale pour les agriculteurs iraniens \u00e0 Tecnova &#187; Centro Tecnol\u00f3gico Tecnova<\/title>\n<meta name=\"description\" content=\"Centro Tecnol\u00f3gico Tecnova promueve la innovaci\u00f3n aplicada y el desarrollo tecnol\u00f3gico para mejorar la competitividad y rentabilidad de las empresas del sector agroindustrial.\" \/>\n<meta name=\"robots\" content=\"index, follow, max-snippet:-1, max-image-preview:large, max-video-preview:-1\" \/>\n<link rel=\"canonical\" href=\"https:\/\/www.fundaciontecnova.com\/fr\/formation-internationale-pour-les-agriculteurs-iraniens-a-tecnova\/\" \/>\n<meta property=\"og:locale\" content=\"fr_FR\" \/>\n<meta property=\"og:type\" content=\"article\" \/>\n<meta property=\"og:title\" content=\"Formation internationale pour les agriculteurs iraniens \u00e0 Tecnova &#187; Centro Tecnol\u00f3gico Tecnova\" \/>\n<meta property=\"og:description\" content=\"Centro Tecnol\u00f3gico Tecnova promueve la innovaci\u00f3n aplicada y el desarrollo tecnol\u00f3gico para mejorar la competitividad y rentabilidad de las empresas del sector agroindustrial.\" \/>\n<meta property=\"og:url\" content=\"https:\/\/www.fundaciontecnova.com\/fr\/formation-internationale-pour-les-agriculteurs-iraniens-a-tecnova\/\" \/>\n<meta property=\"og:site_name\" content=\"Centro Tecnol\u00f3gico Tecnova\" \/>\n<meta property=\"article:published_time\" content=\"2020-12-03T12:27:37+00:00\" \/>\n<meta property=\"og:image\" content=\"https:\/\/www.fundaciontecnova.com\/wp-content\/uploads\/2020\/12\/Foto-2-scaled.jpg\" \/>\n\t<meta property=\"og:image:width\" content=\"2560\" \/>\n\t<meta property=\"og:image:height\" content=\"1707\" \/>\n\t<meta property=\"og:image:type\" content=\"image\/jpeg\" \/>\n<meta name=\"author\" content=\"Tecnova\" \/>\n<meta name=\"twitter:card\" content=\"summary_large_image\" \/>\n<meta name=\"twitter:label1\" content=\"\u00c9crit par\" \/>\n\t<meta name=\"twitter:data1\" content=\"Tecnova\" \/>\n\t<meta name=\"twitter:label2\" content=\"Dur\u00e9e de lecture estim\u00e9e\" \/>\n\t<meta name=\"twitter:data2\" content=\"2 minutes\" \/>\n<script type=\"application\/ld+json\" class=\"yoast-schema-graph\">{\"@context\":\"https:\/\/schema.org\",\"@graph\":[{\"@type\":\"Article\",\"@id\":\"https:\/\/www.fundaciontecnova.com\/fr\/formation-internationale-pour-les-agriculteurs-iraniens-a-tecnova\/#article\",\"isPartOf\":{\"@id\":\"https:\/\/www.fundaciontecnova.com\/fr\/formation-internationale-pour-les-agriculteurs-iraniens-a-tecnova\/\"},\"author\":{\"name\":\"Tecnova\",\"@id\":\"https:\/\/www.fundaciontecnova.com\/#\/schema\/person\/c0e6785a616fc7684f489972f3c40965\"},\"headline\":\"Formation internationale pour les agriculteurs iraniens \u00e0 Tecnova\",\"datePublished\":\"2020-12-03T12:27:37+00:00\",\"mainEntityOfPage\":{\"@id\":\"https:\/\/www.fundaciontecnova.com\/fr\/formation-internationale-pour-les-agriculteurs-iraniens-a-tecnova\/\"},\"wordCount\":311,\"commentCount\":0,\"publisher\":{\"@id\":\"https:\/\/www.fundaciontecnova.com\/#organization\"},\"image\":{\"@id\":\"https:\/\/www.fundaciontecnova.com\/fr\/formation-internationale-pour-les-agriculteurs-iraniens-a-tecnova\/#primaryimage\"},\"thumbnailUrl\":\"https:\/\/www.fundaciontecnova.com\/wp-content\/uploads\/2020\/12\/Foto-2-scaled.jpg\",\"articleSection\":[\"Nouvelles\"],\"inLanguage\":\"fr-FR\",\"potentialAction\":[{\"@type\":\"CommentAction\",\"name\":\"Comment\",\"target\":[\"https:\/\/www.fundaciontecnova.com\/fr\/formation-internationale-pour-les-agriculteurs-iraniens-a-tecnova\/#respond\"]}]},{\"@type\":\"WebPage\",\"@id\":\"https:\/\/www.fundaciontecnova.com\/fr\/formation-internationale-pour-les-agriculteurs-iraniens-a-tecnova\/\",\"url\":\"https:\/\/www.fundaciontecnova.com\/fr\/formation-internationale-pour-les-agriculteurs-iraniens-a-tecnova\/\",\"name\":\"Formation internationale pour les agriculteurs iraniens \u00e0 Tecnova &#187; Centro Tecnol\u00f3gico Tecnova\",\"isPartOf\":{\"@id\":\"https:\/\/www.fundaciontecnova.com\/#website\"},\"primaryImageOfPage\":{\"@id\":\"https:\/\/www.fundaciontecnova.com\/fr\/formation-internationale-pour-les-agriculteurs-iraniens-a-tecnova\/#primaryimage\"},\"image\":{\"@id\":\"https:\/\/www.fundaciontecnova.com\/fr\/formation-internationale-pour-les-agriculteurs-iraniens-a-tecnova\/#primaryimage\"},\"thumbnailUrl\":\"https:\/\/www.fundaciontecnova.com\/wp-content\/uploads\/2020\/12\/Foto-2-scaled.jpg\",\"datePublished\":\"2020-12-03T12:27:37+00:00\",\"description\":\"Centro Tecnol\u00f3gico Tecnova promueve la innovaci\u00f3n aplicada y el desarrollo tecnol\u00f3gico para mejorar la competitividad y rentabilidad de las empresas del sector agroindustrial.\",\"breadcrumb\":{\"@id\":\"https:\/\/www.fundaciontecnova.com\/fr\/formation-internationale-pour-les-agriculteurs-iraniens-a-tecnova\/#breadcrumb\"},\"inLanguage\":\"fr-FR\",\"potentialAction\":[{\"@type\":\"ReadAction\",\"target\":[\"https:\/\/www.fundaciontecnova.com\/fr\/formation-internationale-pour-les-agriculteurs-iraniens-a-tecnova\/\"]}]},{\"@type\":\"ImageObject\",\"inLanguage\":\"fr-FR\",\"@id\":\"https:\/\/www.fundaciontecnova.com\/fr\/formation-internationale-pour-les-agriculteurs-iraniens-a-tecnova\/#primaryimage\",\"url\":\"https:\/\/www.fundaciontecnova.com\/wp-content\/uploads\/2020\/12\/Foto-2-scaled.jpg\",\"contentUrl\":\"https:\/\/www.fundaciontecnova.com\/wp-content\/uploads\/2020\/12\/Foto-2-scaled.jpg\",\"width\":2560,\"height\":1707},{\"@type\":\"BreadcrumbList\",\"@id\":\"https:\/\/www.fundaciontecnova.com\/fr\/formation-internationale-pour-les-agriculteurs-iraniens-a-tecnova\/#breadcrumb\",\"itemListElement\":[{\"@type\":\"ListItem\",\"position\":1,\"name\":\"Portada\",\"item\":\"https:\/\/www.fundaciontecnova.com\/fr\/\"},{\"@type\":\"ListItem\",\"position\":2,\"name\":\"Formation internationale pour les agriculteurs iraniens \u00e0 Tecnova\"}]},{\"@type\":\"WebSite\",\"@id\":\"https:\/\/www.fundaciontecnova.com\/#website\",\"url\":\"https:\/\/www.fundaciontecnova.com\/\",\"name\":\"Centro Tecnol\u00f3gico Tecnova\",\"description\":\"Es el Centro Tecnol\u00f3gico de la Industria Auxiliar, Postcosecha y Envasado hortofrut\u00edcola. Trabaja en I+D+i, formaci\u00f3n, promoci\u00f3n e internacionalizaci\u00f3n\",\"publisher\":{\"@id\":\"https:\/\/www.fundaciontecnova.com\/#organization\"},\"potentialAction\":[{\"@type\":\"SearchAction\",\"target\":{\"@type\":\"EntryPoint\",\"urlTemplate\":\"https:\/\/www.fundaciontecnova.com\/?s={search_term_string}\"},\"query-input\":{\"@type\":\"PropertyValueSpecification\",\"valueRequired\":true,\"valueName\":\"search_term_string\"}}],\"inLanguage\":\"fr-FR\"},{\"@type\":\"Organization\",\"@id\":\"https:\/\/www.fundaciontecnova.com\/#organization\",\"name\":\"Fundaci\u00f3n Tecnova\",\"url\":\"https:\/\/www.fundaciontecnova.com\/\",\"logo\":{\"@type\":\"ImageObject\",\"inLanguage\":\"fr-FR\",\"@id\":\"https:\/\/www.fundaciontecnova.com\/#\/schema\/logo\/image\/\",\"url\":\"https:\/\/www.fundaciontecnova.com\/wp-content\/uploads\/2020\/04\/LOGO.png\",\"contentUrl\":\"https:\/\/www.fundaciontecnova.com\/wp-content\/uploads\/2020\/04\/LOGO.png\",\"width\":591,\"height\":299,\"caption\":\"Fundaci\u00f3n Tecnova\"},\"image\":{\"@id\":\"https:\/\/www.fundaciontecnova.com\/#\/schema\/logo\/image\/\"}},{\"@type\":\"Person\",\"@id\":\"https:\/\/www.fundaciontecnova.com\/#\/schema\/person\/c0e6785a616fc7684f489972f3c40965\",\"name\":\"Tecnova\",\"image\":{\"@type\":\"ImageObject\",\"inLanguage\":\"fr-FR\",\"@id\":\"https:\/\/www.fundaciontecnova.com\/#\/schema\/person\/image\/\",\"url\":\"https:\/\/secure.gravatar.com\/avatar\/bc5ea6f3e3bffb1766fdc14880a690cc9872d2dc2403418fc661950c80039424?s=96&d=mm&r=g\",\"contentUrl\":\"https:\/\/secure.gravatar.com\/avatar\/bc5ea6f3e3bffb1766fdc14880a690cc9872d2dc2403418fc661950c80039424?s=96&d=mm&r=g\",\"caption\":\"Tecnova\"}}]}<\/script>\n<!-- \/ Yoast SEO plugin. -->","yoast_head_json":{"title":"Formation internationale pour les agriculteurs iraniens \u00e0 Tecnova &#187; Centro Tecnol\u00f3gico Tecnova","description":"Centro Tecnol\u00f3gico Tecnova promueve la innovaci\u00f3n aplicada y el desarrollo tecnol\u00f3gico para mejorar la competitividad y rentabilidad de las empresas del sector agroindustrial.","robots":{"index":"index","follow":"follow","max-snippet":"max-snippet:-1","max-image-preview":"max-image-preview:large","max-video-preview":"max-video-preview:-1"},"canonical":"https:\/\/www.fundaciontecnova.com\/fr\/formation-internationale-pour-les-agriculteurs-iraniens-a-tecnova\/","og_locale":"fr_FR","og_type":"article","og_title":"Formation internationale pour les agriculteurs iraniens \u00e0 Tecnova &#187; Centro Tecnol\u00f3gico Tecnova","og_description":"Centro Tecnol\u00f3gico Tecnova promueve la innovaci\u00f3n aplicada y el desarrollo tecnol\u00f3gico para mejorar la competitividad y rentabilidad de las empresas del sector agroindustrial.","og_url":"https:\/\/www.fundaciontecnova.com\/fr\/formation-internationale-pour-les-agriculteurs-iraniens-a-tecnova\/","og_site_name":"Centro Tecnol\u00f3gico Tecnova","article_published_time":"2020-12-03T12:27:37+00:00","og_image":[{"width":2560,"height":1707,"url":"https:\/\/www.fundaciontecnova.com\/wp-content\/uploads\/2020\/12\/Foto-2-scaled.jpg","type":"image\/jpeg"}],"author":"Tecnova","twitter_card":"summary_large_image","twitter_misc":{"\u00c9crit par":"Tecnova","Dur\u00e9e de lecture estim\u00e9e":"2 minutes"},"schema":{"@context":"https:\/\/schema.org","@graph":[{"@type":"Article","@id":"https:\/\/www.fundaciontecnova.com\/fr\/formation-internationale-pour-les-agriculteurs-iraniens-a-tecnova\/#article","isPartOf":{"@id":"https:\/\/www.fundaciontecnova.com\/fr\/formation-internationale-pour-les-agriculteurs-iraniens-a-tecnova\/"},"author":{"name":"Tecnova","@id":"https:\/\/www.fundaciontecnova.com\/#\/schema\/person\/c0e6785a616fc7684f489972f3c40965"},"headline":"Formation internationale pour les agriculteurs iraniens \u00e0 Tecnova","datePublished":"2020-12-03T12:27:37+00:00","mainEntityOfPage":{"@id":"https:\/\/www.fundaciontecnova.com\/fr\/formation-internationale-pour-les-agriculteurs-iraniens-a-tecnova\/"},"wordCount":311,"commentCount":0,"publisher":{"@id":"https:\/\/www.fundaciontecnova.com\/#organization"},"image":{"@id":"https:\/\/www.fundaciontecnova.com\/fr\/formation-internationale-pour-les-agriculteurs-iraniens-a-tecnova\/#primaryimage"},"thumbnailUrl":"https:\/\/www.fundaciontecnova.com\/wp-content\/uploads\/2020\/12\/Foto-2-scaled.jpg","articleSection":["Nouvelles"],"inLanguage":"fr-FR","potentialAction":[{"@type":"CommentAction","name":"Comment","target":["https:\/\/www.fundaciontecnova.com\/fr\/formation-internationale-pour-les-agriculteurs-iraniens-a-tecnova\/#respond"]}]},{"@type":"WebPage","@id":"https:\/\/www.fundaciontecnova.com\/fr\/formation-internationale-pour-les-agriculteurs-iraniens-a-tecnova\/","url":"https:\/\/www.fundaciontecnova.com\/fr\/formation-internationale-pour-les-agriculteurs-iraniens-a-tecnova\/","name":"Formation internationale pour les agriculteurs iraniens \u00e0 Tecnova &#187; Centro Tecnol\u00f3gico Tecnova","isPartOf":{"@id":"https:\/\/www.fundaciontecnova.com\/#website"},"primaryImageOfPage":{"@id":"https:\/\/www.fundaciontecnova.com\/fr\/formation-internationale-pour-les-agriculteurs-iraniens-a-tecnova\/#primaryimage"},"image":{"@id":"https:\/\/www.fundaciontecnova.com\/fr\/formation-internationale-pour-les-agriculteurs-iraniens-a-tecnova\/#primaryimage"},"thumbnailUrl":"https:\/\/www.fundaciontecnova.com\/wp-content\/uploads\/2020\/12\/Foto-2-scaled.jpg","datePublished":"2020-12-03T12:27:37+00:00","description":"Centro Tecnol\u00f3gico Tecnova promueve la innovaci\u00f3n aplicada y el desarrollo tecnol\u00f3gico para mejorar la competitividad y rentabilidad de las empresas del sector agroindustrial.","breadcrumb":{"@id":"https:\/\/www.fundaciontecnova.com\/fr\/formation-internationale-pour-les-agriculteurs-iraniens-a-tecnova\/#breadcrumb"},"inLanguage":"fr-FR","potentialAction":[{"@type":"ReadAction","target":["https:\/\/www.fundaciontecnova.com\/fr\/formation-internationale-pour-les-agriculteurs-iraniens-a-tecnova\/"]}]},{"@type":"ImageObject","inLanguage":"fr-FR","@id":"https:\/\/www.fundaciontecnova.com\/fr\/formation-internationale-pour-les-agriculteurs-iraniens-a-tecnova\/#primaryimage","url":"https:\/\/www.fundaciontecnova.com\/wp-content\/uploads\/2020\/12\/Foto-2-scaled.jpg","contentUrl":"https:\/\/www.fundaciontecnova.com\/wp-content\/uploads\/2020\/12\/Foto-2-scaled.jpg","width":2560,"height":1707},{"@type":"BreadcrumbList","@id":"https:\/\/www.fundaciontecnova.com\/fr\/formation-internationale-pour-les-agriculteurs-iraniens-a-tecnova\/#breadcrumb","itemListElement":[{"@type":"ListItem","position":1,"name":"Portada","item":"https:\/\/www.fundaciontecnova.com\/fr\/"},{"@type":"ListItem","position":2,"name":"Formation internationale pour les agriculteurs iraniens \u00e0 Tecnova"}]},{"@type":"WebSite","@id":"https:\/\/www.fundaciontecnova.com\/#website","url":"https:\/\/www.fundaciontecnova.com\/","name":"Centro Tecnol\u00f3gico Tecnova","description":"Es el Centro Tecnol\u00f3gico de la Industria Auxiliar, Postcosecha y Envasado hortofrut\u00edcola. Trabaja en I+D+i, formaci\u00f3n, promoci\u00f3n e internacionalizaci\u00f3n","publisher":{"@id":"https:\/\/www.fundaciontecnova.com\/#organization"},"potentialAction":[{"@type":"SearchAction","target":{"@type":"EntryPoint","urlTemplate":"https:\/\/www.fundaciontecnova.com\/?s={search_term_string}"},"query-input":{"@type":"PropertyValueSpecification","valueRequired":true,"valueName":"search_term_string"}}],"inLanguage":"fr-FR"},{"@type":"Organization","@id":"https:\/\/www.fundaciontecnova.com\/#organization","name":"Fundaci\u00f3n Tecnova","url":"https:\/\/www.fundaciontecnova.com\/","logo":{"@type":"ImageObject","inLanguage":"fr-FR","@id":"https:\/\/www.fundaciontecnova.com\/#\/schema\/logo\/image\/","url":"https:\/\/www.fundaciontecnova.com\/wp-content\/uploads\/2020\/04\/LOGO.png","contentUrl":"https:\/\/www.fundaciontecnova.com\/wp-content\/uploads\/2020\/04\/LOGO.png","width":591,"height":299,"caption":"Fundaci\u00f3n Tecnova"},"image":{"@id":"https:\/\/www.fundaciontecnova.com\/#\/schema\/logo\/image\/"}},{"@type":"Person","@id":"https:\/\/www.fundaciontecnova.com\/#\/schema\/person\/c0e6785a616fc7684f489972f3c40965","name":"Tecnova","image":{"@type":"ImageObject","inLanguage":"fr-FR","@id":"https:\/\/www.fundaciontecnova.com\/#\/schema\/person\/image\/","url":"https:\/\/secure.gravatar.com\/avatar\/bc5ea6f3e3bffb1766fdc14880a690cc9872d2dc2403418fc661950c80039424?s=96&d=mm&r=g","contentUrl":"https:\/\/secure.gravatar.com\/avatar\/bc5ea6f3e3bffb1766fdc14880a690cc9872d2dc2403418fc661950c80039424?s=96&d=mm&r=g","caption":"Tecnova"}}]}},"_links":{"self":[{"href":"https:\/\/www.fundaciontecnova.com\/fr\/wp-json\/wp\/v2\/posts\/11521","targetHints":{"allow":["GET"]}}],"collection":[{"href":"https:\/\/www.fundaciontecnova.com\/fr\/wp-json\/wp\/v2\/posts"}],"about":[{"href":"https:\/\/www.fundaciontecnova.com\/fr\/wp-json\/wp\/v2\/types\/post"}],"author":[{"embeddable":true,"href":"https:\/\/www.fundaciontecnova.com\/fr\/wp-json\/wp\/v2\/users\/1"}],"replies":[{"embeddable":true,"href":"https:\/\/www.fundaciontecnova.com\/fr\/wp-json\/wp\/v2\/comments?post=11521"}],"version-history":[{"count":2,"href":"https:\/\/www.fundaciontecnova.com\/fr\/wp-json\/wp\/v2\/posts\/11521\/revisions"}],"predecessor-version":[{"id":11523,"href":"https:\/\/www.fundaciontecnova.com\/fr\/wp-json\/wp\/v2\/posts\/11521\/revisions\/11523"}],"wp:featuredmedia":[{"embeddable":true,"href":"https:\/\/www.fundaciontecnova.com\/fr\/wp-json\/wp\/v2\/media\/11448"}],"wp:attachment":[{"href":"https:\/\/www.fundaciontecnova.com\/fr\/wp-json\/wp\/v2\/media?parent=11521"}],"wp:term":[{"taxonomy":"category","embeddable":true,"href":"https:\/\/www.fundaciontecnova.com\/fr\/wp-json\/wp\/v2\/categories?post=11521"},{"taxonomy":"post_tag","embeddable":true,"href":"https:\/\/www.fundaciontecnova.com\/fr\/wp-json\/wp\/v2\/tags?post=11521"}],"curies":[{"name":"wp","href":"https:\/\/api.w.org\/{rel}","templated":true}]}}