{"id":11319,"date":"2020-10-20T12:00:29","date_gmt":"2020-10-20T11:00:29","guid":{"rendered":"http:\/\/www.fundaciontecnova.com\/?p=11319"},"modified":"2020-10-27T09:56:53","modified_gmt":"2020-10-27T08:56:53","slug":"angel-barranco-sengage-dans-la-mise-en-oeuvre-de-technologies-pour-augmenter-la-productivite","status":"publish","type":"post","link":"https:\/\/www.fundaciontecnova.com\/fr\/angel-barranco-sengage-dans-la-mise-en-oeuvre-de-technologies-pour-augmenter-la-productivite\/","title":{"rendered":"\u00c1ngel Barranco s&rsquo;engage dans la mise en \u0153uvre de technologies pour augmenter la productivit\u00e9"},"content":{"rendered":"<div class=\"wpb-content-wrapper\"><p>[vc_row css_animation=\u00a0\u00bb\u00a0\u00bb row_type=\u00a0\u00bbrow\u00a0\u00bb use_row_as_full_screen_section=\u00a0\u00bbno\u00a0\u00bb type=\u00a0\u00bbfull_width\u00a0\u00bb angled_section=\u00a0\u00bbno\u00a0\u00bb text_align=\u00a0\u00bbleft\u00a0\u00bb background_image_as_pattern=\u00a0\u00bbwithout_pattern\u00a0\u00bb][vc_column][vc_column_text]\u00c1ngel Barranco, pr\u00e9sident de Tecnova, \u00e9tait pr\u00e9sent au d\u00e9bat sur les d\u00e9fis et les opportunit\u00e9s de l&rsquo;industrie auxiliaire de l&rsquo;agriculture. \u00c1ngel a profit\u00e9 de la participation au webinaire organis\u00e9 par La Voz de Almer\u00eda pour encourager les entreprises \u00e0 s&rsquo;implanter \u00e0 l&rsquo;international, augmentant ainsi leur comp\u00e9titivit\u00e9 et leur visibilit\u00e9 dans le secteur. Une impl\u00e9mentation sur laquelle Tecnova continue de travailler avec le d\u00e9veloppement de projets et de services au niveau international.<\/p>\n<p>Almer\u00eda, non seulement depuis l&rsquo;ann\u00e9e qu&rsquo;elle vit, a connu ces derniers temps plusieurs r\u00e9volutions de l&rsquo;utilisation de l&rsquo;eau \u00e0 la lutte biologique, et il est maintenant n\u00e9cessaire de faire face \u00e0 une r\u00e9volution dans le contr\u00f4le du climat. Tecnova travaille dans cette ligne \u00e0 travers le d\u00e9veloppement de solutions technologiques pour g\u00e9rer le climat \u00e0 l&rsquo;int\u00e9rieur des serres et augmenter la productivit\u00e9 des cultures.<\/p>\n<p>Le secteur est capable de faire face \u00e0 de grands d\u00e9fis, comme celui actuel, et de mener une r\u00e9volution de l&rsquo;agriculture par l&rsquo;innovation et l&rsquo;internationalisation.[\/vc_column_text][\/vc_column][\/vc_row][vc_row css_animation=\u00a0\u00bb\u00a0\u00bb row_type=\u00a0\u00bbrow\u00a0\u00bb use_row_as_full_screen_section=\u00a0\u00bbno\u00a0\u00bb type=\u00a0\u00bbfull_width\u00a0\u00bb angled_section=\u00a0\u00bbno\u00a0\u00bb text_align=\u00a0\u00bbleft\u00a0\u00bb background_image_as_pattern=\u00a0\u00bbwithout_pattern\u00a0\u00bb][vc_column][vc_empty_space height=\u00a0\u00bb90px\u00a0\u00bb el_class=\u00a0\u00bbblk_spc little\u00a0\u00bb][\/vc_column][\/vc_row]<\/p>\n<\/div>","protected":false},"excerpt":{"rendered":"<p>\u00c1ngel Barranco, pr\u00e9sident de Tecnova, \u00e9tait pr\u00e9sent au d\u00e9bat sur les d\u00e9fis et les opportunit\u00e9s de l&rsquo;industrie auxiliaire de l&rsquo;agriculture. \u00c1ngel a profit\u00e9 de la participation au webinaire organis\u00e9 par La Voz de Almer\u00eda pour encourager les entreprises \u00e0 s&rsquo;implanter \u00e0 l&rsquo;international, augmentant ainsi leur comp\u00e9titivit\u00e9 et leur visibilit\u00e9 dans le secteur.<\/p>\n","protected":false},"author":1,"featured_media":11313,"comment_status":"open","ping_status":"open","sticky":false,"template":"","format":"standard","meta":{"content-type":"","footnotes":""},"categories":[69],"tags":[],"class_list":["post-11319","post","type-post","status-publish","format-standard","has-post-thumbnail","hentry","category-nouvelles"],"yoast_head":"<!-- This site is optimized with the Yoast SEO plugin v25.6 - https:\/\/yoast.com\/wordpress\/plugins\/seo\/ -->\n<title>\u00c1ngel Barranco s&#039;engage dans la mise en \u0153uvre de technologies pour augmenter la productivit\u00e9 &#187; Centro Tecnol\u00f3gico Tecnova<\/title>\n<meta name=\"description\" content=\"Centro Tecnol\u00f3gico Tecnova promueve la innovaci\u00f3n aplicada y el desarrollo tecnol\u00f3gico para mejorar la competitividad y rentabilidad de las empresas del sector agroindustrial.\" \/>\n<meta name=\"robots\" content=\"index, follow, max-snippet:-1, max-image-preview:large, max-video-preview:-1\" \/>\n<link rel=\"canonical\" href=\"https:\/\/www.fundaciontecnova.com\/fr\/angel-barranco-sengage-dans-la-mise-en-oeuvre-de-technologies-pour-augmenter-la-productivite\/\" \/>\n<meta property=\"og:locale\" content=\"fr_FR\" \/>\n<meta property=\"og:type\" content=\"article\" \/>\n<meta property=\"og:title\" content=\"\u00c1ngel Barranco s&#039;engage dans la mise en \u0153uvre de technologies pour augmenter la productivit\u00e9 &#187; Centro Tecnol\u00f3gico Tecnova\" \/>\n<meta property=\"og:description\" content=\"Centro Tecnol\u00f3gico Tecnova promueve la innovaci\u00f3n aplicada y el desarrollo tecnol\u00f3gico para mejorar la competitividad y rentabilidad de las empresas del sector agroindustrial.\" \/>\n<meta property=\"og:url\" content=\"https:\/\/www.fundaciontecnova.com\/fr\/angel-barranco-sengage-dans-la-mise-en-oeuvre-de-technologies-pour-augmenter-la-productivite\/\" \/>\n<meta property=\"og:site_name\" content=\"Centro Tecnol\u00f3gico Tecnova\" \/>\n<meta property=\"article:published_time\" content=\"2020-10-20T11:00:29+00:00\" \/>\n<meta property=\"article:modified_time\" content=\"2020-10-27T08:56:53+00:00\" \/>\n<meta property=\"og:image\" content=\"https:\/\/www.fundaciontecnova.com\/wp-content\/uploads\/2020\/10\/WhatsApp-Image-2020-10-20-at-15.28.38-1.jpeg\" \/>\n\t<meta property=\"og:image:width\" content=\"1600\" \/>\n\t<meta property=\"og:image:height\" content=\"1200\" \/>\n\t<meta property=\"og:image:type\" content=\"image\/jpeg\" \/>\n<meta name=\"author\" content=\"Tecnova\" \/>\n<meta name=\"twitter:card\" content=\"summary_large_image\" \/>\n<meta name=\"twitter:label1\" content=\"\u00c9crit par\" \/>\n\t<meta name=\"twitter:data1\" content=\"Tecnova\" \/>\n\t<meta name=\"twitter:label2\" content=\"Dur\u00e9e de lecture estim\u00e9e\" \/>\n\t<meta name=\"twitter:data2\" content=\"1 minute\" \/>\n<script type=\"application\/ld+json\" class=\"yoast-schema-graph\">{\"@context\":\"https:\/\/schema.org\",\"@graph\":[{\"@type\":\"Article\",\"@id\":\"https:\/\/www.fundaciontecnova.com\/fr\/angel-barranco-sengage-dans-la-mise-en-oeuvre-de-technologies-pour-augmenter-la-productivite\/#article\",\"isPartOf\":{\"@id\":\"https:\/\/www.fundaciontecnova.com\/fr\/angel-barranco-sengage-dans-la-mise-en-oeuvre-de-technologies-pour-augmenter-la-productivite\/\"},\"author\":{\"name\":\"Tecnova\",\"@id\":\"https:\/\/www.fundaciontecnova.com\/#\/schema\/person\/c0e6785a616fc7684f489972f3c40965\"},\"headline\":\"\u00c1ngel Barranco s&rsquo;engage dans la mise en \u0153uvre de technologies pour augmenter la productivit\u00e9\",\"datePublished\":\"2020-10-20T11:00:29+00:00\",\"dateModified\":\"2020-10-27T08:56:53+00:00\",\"mainEntityOfPage\":{\"@id\":\"https:\/\/www.fundaciontecnova.com\/fr\/angel-barranco-sengage-dans-la-mise-en-oeuvre-de-technologies-pour-augmenter-la-productivite\/\"},\"wordCount\":286,\"commentCount\":0,\"publisher\":{\"@id\":\"https:\/\/www.fundaciontecnova.com\/#organization\"},\"image\":{\"@id\":\"https:\/\/www.fundaciontecnova.com\/fr\/angel-barranco-sengage-dans-la-mise-en-oeuvre-de-technologies-pour-augmenter-la-productivite\/#primaryimage\"},\"thumbnailUrl\":\"https:\/\/www.fundaciontecnova.com\/wp-content\/uploads\/2020\/10\/WhatsApp-Image-2020-10-20-at-15.28.38-1.jpeg\",\"articleSection\":[\"Nouvelles\"],\"inLanguage\":\"fr-FR\",\"potentialAction\":[{\"@type\":\"CommentAction\",\"name\":\"Comment\",\"target\":[\"https:\/\/www.fundaciontecnova.com\/fr\/angel-barranco-sengage-dans-la-mise-en-oeuvre-de-technologies-pour-augmenter-la-productivite\/#respond\"]}]},{\"@type\":\"WebPage\",\"@id\":\"https:\/\/www.fundaciontecnova.com\/fr\/angel-barranco-sengage-dans-la-mise-en-oeuvre-de-technologies-pour-augmenter-la-productivite\/\",\"url\":\"https:\/\/www.fundaciontecnova.com\/fr\/angel-barranco-sengage-dans-la-mise-en-oeuvre-de-technologies-pour-augmenter-la-productivite\/\",\"name\":\"\u00c1ngel Barranco s'engage dans la mise en \u0153uvre de technologies pour augmenter la productivit\u00e9 &#187; Centro Tecnol\u00f3gico Tecnova\",\"isPartOf\":{\"@id\":\"https:\/\/www.fundaciontecnova.com\/#website\"},\"primaryImageOfPage\":{\"@id\":\"https:\/\/www.fundaciontecnova.com\/fr\/angel-barranco-sengage-dans-la-mise-en-oeuvre-de-technologies-pour-augmenter-la-productivite\/#primaryimage\"},\"image\":{\"@id\":\"https:\/\/www.fundaciontecnova.com\/fr\/angel-barranco-sengage-dans-la-mise-en-oeuvre-de-technologies-pour-augmenter-la-productivite\/#primaryimage\"},\"thumbnailUrl\":\"https:\/\/www.fundaciontecnova.com\/wp-content\/uploads\/2020\/10\/WhatsApp-Image-2020-10-20-at-15.28.38-1.jpeg\",\"datePublished\":\"2020-10-20T11:00:29+00:00\",\"dateModified\":\"2020-10-27T08:56:53+00:00\",\"description\":\"Centro Tecnol\u00f3gico Tecnova promueve la innovaci\u00f3n aplicada y el desarrollo tecnol\u00f3gico para mejorar la competitividad y rentabilidad de las empresas del sector agroindustrial.\",\"breadcrumb\":{\"@id\":\"https:\/\/www.fundaciontecnova.com\/fr\/angel-barranco-sengage-dans-la-mise-en-oeuvre-de-technologies-pour-augmenter-la-productivite\/#breadcrumb\"},\"inLanguage\":\"fr-FR\",\"potentialAction\":[{\"@type\":\"ReadAction\",\"target\":[\"https:\/\/www.fundaciontecnova.com\/fr\/angel-barranco-sengage-dans-la-mise-en-oeuvre-de-technologies-pour-augmenter-la-productivite\/\"]}]},{\"@type\":\"ImageObject\",\"inLanguage\":\"fr-FR\",\"@id\":\"https:\/\/www.fundaciontecnova.com\/fr\/angel-barranco-sengage-dans-la-mise-en-oeuvre-de-technologies-pour-augmenter-la-productivite\/#primaryimage\",\"url\":\"https:\/\/www.fundaciontecnova.com\/wp-content\/uploads\/2020\/10\/WhatsApp-Image-2020-10-20-at-15.28.38-1.jpeg\",\"contentUrl\":\"https:\/\/www.fundaciontecnova.com\/wp-content\/uploads\/2020\/10\/WhatsApp-Image-2020-10-20-at-15.28.38-1.jpeg\",\"width\":1600,\"height\":1200},{\"@type\":\"BreadcrumbList\",\"@id\":\"https:\/\/www.fundaciontecnova.com\/fr\/angel-barranco-sengage-dans-la-mise-en-oeuvre-de-technologies-pour-augmenter-la-productivite\/#breadcrumb\",\"itemListElement\":[{\"@type\":\"ListItem\",\"position\":1,\"name\":\"Portada\",\"item\":\"https:\/\/www.fundaciontecnova.com\/fr\/\"},{\"@type\":\"ListItem\",\"position\":2,\"name\":\"\u00c1ngel Barranco s&rsquo;engage dans la mise en \u0153uvre de technologies pour augmenter la productivit\u00e9\"}]},{\"@type\":\"WebSite\",\"@id\":\"https:\/\/www.fundaciontecnova.com\/#website\",\"url\":\"https:\/\/www.fundaciontecnova.com\/\",\"name\":\"Centro Tecnol\u00f3gico Tecnova\",\"description\":\"Es el Centro Tecnol\u00f3gico de la Industria Auxiliar, Postcosecha y Envasado hortofrut\u00edcola. Trabaja en I+D+i, formaci\u00f3n, promoci\u00f3n e internacionalizaci\u00f3n\",\"publisher\":{\"@id\":\"https:\/\/www.fundaciontecnova.com\/#organization\"},\"potentialAction\":[{\"@type\":\"SearchAction\",\"target\":{\"@type\":\"EntryPoint\",\"urlTemplate\":\"https:\/\/www.fundaciontecnova.com\/?s={search_term_string}\"},\"query-input\":{\"@type\":\"PropertyValueSpecification\",\"valueRequired\":true,\"valueName\":\"search_term_string\"}}],\"inLanguage\":\"fr-FR\"},{\"@type\":\"Organization\",\"@id\":\"https:\/\/www.fundaciontecnova.com\/#organization\",\"name\":\"Fundaci\u00f3n Tecnova\",\"url\":\"https:\/\/www.fundaciontecnova.com\/\",\"logo\":{\"@type\":\"ImageObject\",\"inLanguage\":\"fr-FR\",\"@id\":\"https:\/\/www.fundaciontecnova.com\/#\/schema\/logo\/image\/\",\"url\":\"https:\/\/www.fundaciontecnova.com\/wp-content\/uploads\/2020\/04\/LOGO.png\",\"contentUrl\":\"https:\/\/www.fundaciontecnova.com\/wp-content\/uploads\/2020\/04\/LOGO.png\",\"width\":591,\"height\":299,\"caption\":\"Fundaci\u00f3n Tecnova\"},\"image\":{\"@id\":\"https:\/\/www.fundaciontecnova.com\/#\/schema\/logo\/image\/\"}},{\"@type\":\"Person\",\"@id\":\"https:\/\/www.fundaciontecnova.com\/#\/schema\/person\/c0e6785a616fc7684f489972f3c40965\",\"name\":\"Tecnova\",\"image\":{\"@type\":\"ImageObject\",\"inLanguage\":\"fr-FR\",\"@id\":\"https:\/\/www.fundaciontecnova.com\/#\/schema\/person\/image\/\",\"url\":\"https:\/\/secure.gravatar.com\/avatar\/bc5ea6f3e3bffb1766fdc14880a690cc9872d2dc2403418fc661950c80039424?s=96&d=mm&r=g\",\"contentUrl\":\"https:\/\/secure.gravatar.com\/avatar\/bc5ea6f3e3bffb1766fdc14880a690cc9872d2dc2403418fc661950c80039424?s=96&d=mm&r=g\",\"caption\":\"Tecnova\"}}]}<\/script>\n<!-- \/ Yoast SEO plugin. -->","yoast_head_json":{"title":"\u00c1ngel Barranco s'engage dans la mise en \u0153uvre de technologies pour augmenter la productivit\u00e9 &#187; Centro Tecnol\u00f3gico Tecnova","description":"Centro Tecnol\u00f3gico Tecnova promueve la innovaci\u00f3n aplicada y el desarrollo tecnol\u00f3gico para mejorar la competitividad y rentabilidad de las empresas del sector agroindustrial.","robots":{"index":"index","follow":"follow","max-snippet":"max-snippet:-1","max-image-preview":"max-image-preview:large","max-video-preview":"max-video-preview:-1"},"canonical":"https:\/\/www.fundaciontecnova.com\/fr\/angel-barranco-sengage-dans-la-mise-en-oeuvre-de-technologies-pour-augmenter-la-productivite\/","og_locale":"fr_FR","og_type":"article","og_title":"\u00c1ngel Barranco s'engage dans la mise en \u0153uvre de technologies pour augmenter la productivit\u00e9 &#187; Centro Tecnol\u00f3gico Tecnova","og_description":"Centro Tecnol\u00f3gico Tecnova promueve la innovaci\u00f3n aplicada y el desarrollo tecnol\u00f3gico para mejorar la competitividad y rentabilidad de las empresas del sector agroindustrial.","og_url":"https:\/\/www.fundaciontecnova.com\/fr\/angel-barranco-sengage-dans-la-mise-en-oeuvre-de-technologies-pour-augmenter-la-productivite\/","og_site_name":"Centro Tecnol\u00f3gico Tecnova","article_published_time":"2020-10-20T11:00:29+00:00","article_modified_time":"2020-10-27T08:56:53+00:00","og_image":[{"width":1600,"height":1200,"url":"https:\/\/www.fundaciontecnova.com\/wp-content\/uploads\/2020\/10\/WhatsApp-Image-2020-10-20-at-15.28.38-1.jpeg","type":"image\/jpeg"}],"author":"Tecnova","twitter_card":"summary_large_image","twitter_misc":{"\u00c9crit par":"Tecnova","Dur\u00e9e de lecture estim\u00e9e":"1 minute"},"schema":{"@context":"https:\/\/schema.org","@graph":[{"@type":"Article","@id":"https:\/\/www.fundaciontecnova.com\/fr\/angel-barranco-sengage-dans-la-mise-en-oeuvre-de-technologies-pour-augmenter-la-productivite\/#article","isPartOf":{"@id":"https:\/\/www.fundaciontecnova.com\/fr\/angel-barranco-sengage-dans-la-mise-en-oeuvre-de-technologies-pour-augmenter-la-productivite\/"},"author":{"name":"Tecnova","@id":"https:\/\/www.fundaciontecnova.com\/#\/schema\/person\/c0e6785a616fc7684f489972f3c40965"},"headline":"\u00c1ngel Barranco s&rsquo;engage dans la mise en \u0153uvre de technologies pour augmenter la productivit\u00e9","datePublished":"2020-10-20T11:00:29+00:00","dateModified":"2020-10-27T08:56:53+00:00","mainEntityOfPage":{"@id":"https:\/\/www.fundaciontecnova.com\/fr\/angel-barranco-sengage-dans-la-mise-en-oeuvre-de-technologies-pour-augmenter-la-productivite\/"},"wordCount":286,"commentCount":0,"publisher":{"@id":"https:\/\/www.fundaciontecnova.com\/#organization"},"image":{"@id":"https:\/\/www.fundaciontecnova.com\/fr\/angel-barranco-sengage-dans-la-mise-en-oeuvre-de-technologies-pour-augmenter-la-productivite\/#primaryimage"},"thumbnailUrl":"https:\/\/www.fundaciontecnova.com\/wp-content\/uploads\/2020\/10\/WhatsApp-Image-2020-10-20-at-15.28.38-1.jpeg","articleSection":["Nouvelles"],"inLanguage":"fr-FR","potentialAction":[{"@type":"CommentAction","name":"Comment","target":["https:\/\/www.fundaciontecnova.com\/fr\/angel-barranco-sengage-dans-la-mise-en-oeuvre-de-technologies-pour-augmenter-la-productivite\/#respond"]}]},{"@type":"WebPage","@id":"https:\/\/www.fundaciontecnova.com\/fr\/angel-barranco-sengage-dans-la-mise-en-oeuvre-de-technologies-pour-augmenter-la-productivite\/","url":"https:\/\/www.fundaciontecnova.com\/fr\/angel-barranco-sengage-dans-la-mise-en-oeuvre-de-technologies-pour-augmenter-la-productivite\/","name":"\u00c1ngel Barranco s'engage dans la mise en \u0153uvre de technologies pour augmenter la productivit\u00e9 &#187; Centro Tecnol\u00f3gico Tecnova","isPartOf":{"@id":"https:\/\/www.fundaciontecnova.com\/#website"},"primaryImageOfPage":{"@id":"https:\/\/www.fundaciontecnova.com\/fr\/angel-barranco-sengage-dans-la-mise-en-oeuvre-de-technologies-pour-augmenter-la-productivite\/#primaryimage"},"image":{"@id":"https:\/\/www.fundaciontecnova.com\/fr\/angel-barranco-sengage-dans-la-mise-en-oeuvre-de-technologies-pour-augmenter-la-productivite\/#primaryimage"},"thumbnailUrl":"https:\/\/www.fundaciontecnova.com\/wp-content\/uploads\/2020\/10\/WhatsApp-Image-2020-10-20-at-15.28.38-1.jpeg","datePublished":"2020-10-20T11:00:29+00:00","dateModified":"2020-10-27T08:56:53+00:00","description":"Centro Tecnol\u00f3gico Tecnova promueve la innovaci\u00f3n aplicada y el desarrollo tecnol\u00f3gico para mejorar la competitividad y rentabilidad de las empresas del sector agroindustrial.","breadcrumb":{"@id":"https:\/\/www.fundaciontecnova.com\/fr\/angel-barranco-sengage-dans-la-mise-en-oeuvre-de-technologies-pour-augmenter-la-productivite\/#breadcrumb"},"inLanguage":"fr-FR","potentialAction":[{"@type":"ReadAction","target":["https:\/\/www.fundaciontecnova.com\/fr\/angel-barranco-sengage-dans-la-mise-en-oeuvre-de-technologies-pour-augmenter-la-productivite\/"]}]},{"@type":"ImageObject","inLanguage":"fr-FR","@id":"https:\/\/www.fundaciontecnova.com\/fr\/angel-barranco-sengage-dans-la-mise-en-oeuvre-de-technologies-pour-augmenter-la-productivite\/#primaryimage","url":"https:\/\/www.fundaciontecnova.com\/wp-content\/uploads\/2020\/10\/WhatsApp-Image-2020-10-20-at-15.28.38-1.jpeg","contentUrl":"https:\/\/www.fundaciontecnova.com\/wp-content\/uploads\/2020\/10\/WhatsApp-Image-2020-10-20-at-15.28.38-1.jpeg","width":1600,"height":1200},{"@type":"BreadcrumbList","@id":"https:\/\/www.fundaciontecnova.com\/fr\/angel-barranco-sengage-dans-la-mise-en-oeuvre-de-technologies-pour-augmenter-la-productivite\/#breadcrumb","itemListElement":[{"@type":"ListItem","position":1,"name":"Portada","item":"https:\/\/www.fundaciontecnova.com\/fr\/"},{"@type":"ListItem","position":2,"name":"\u00c1ngel Barranco s&rsquo;engage dans la mise en \u0153uvre de technologies pour augmenter la productivit\u00e9"}]},{"@type":"WebSite","@id":"https:\/\/www.fundaciontecnova.com\/#website","url":"https:\/\/www.fundaciontecnova.com\/","name":"Centro Tecnol\u00f3gico Tecnova","description":"Es el Centro Tecnol\u00f3gico de la Industria Auxiliar, Postcosecha y Envasado hortofrut\u00edcola. Trabaja en I+D+i, formaci\u00f3n, promoci\u00f3n e internacionalizaci\u00f3n","publisher":{"@id":"https:\/\/www.fundaciontecnova.com\/#organization"},"potentialAction":[{"@type":"SearchAction","target":{"@type":"EntryPoint","urlTemplate":"https:\/\/www.fundaciontecnova.com\/?s={search_term_string}"},"query-input":{"@type":"PropertyValueSpecification","valueRequired":true,"valueName":"search_term_string"}}],"inLanguage":"fr-FR"},{"@type":"Organization","@id":"https:\/\/www.fundaciontecnova.com\/#organization","name":"Fundaci\u00f3n Tecnova","url":"https:\/\/www.fundaciontecnova.com\/","logo":{"@type":"ImageObject","inLanguage":"fr-FR","@id":"https:\/\/www.fundaciontecnova.com\/#\/schema\/logo\/image\/","url":"https:\/\/www.fundaciontecnova.com\/wp-content\/uploads\/2020\/04\/LOGO.png","contentUrl":"https:\/\/www.fundaciontecnova.com\/wp-content\/uploads\/2020\/04\/LOGO.png","width":591,"height":299,"caption":"Fundaci\u00f3n Tecnova"},"image":{"@id":"https:\/\/www.fundaciontecnova.com\/#\/schema\/logo\/image\/"}},{"@type":"Person","@id":"https:\/\/www.fundaciontecnova.com\/#\/schema\/person\/c0e6785a616fc7684f489972f3c40965","name":"Tecnova","image":{"@type":"ImageObject","inLanguage":"fr-FR","@id":"https:\/\/www.fundaciontecnova.com\/#\/schema\/person\/image\/","url":"https:\/\/secure.gravatar.com\/avatar\/bc5ea6f3e3bffb1766fdc14880a690cc9872d2dc2403418fc661950c80039424?s=96&d=mm&r=g","contentUrl":"https:\/\/secure.gravatar.com\/avatar\/bc5ea6f3e3bffb1766fdc14880a690cc9872d2dc2403418fc661950c80039424?s=96&d=mm&r=g","caption":"Tecnova"}}]}},"_links":{"self":[{"href":"https:\/\/www.fundaciontecnova.com\/fr\/wp-json\/wp\/v2\/posts\/11319","targetHints":{"allow":["GET"]}}],"collection":[{"href":"https:\/\/www.fundaciontecnova.com\/fr\/wp-json\/wp\/v2\/posts"}],"about":[{"href":"https:\/\/www.fundaciontecnova.com\/fr\/wp-json\/wp\/v2\/types\/post"}],"author":[{"embeddable":true,"href":"https:\/\/www.fundaciontecnova.com\/fr\/wp-json\/wp\/v2\/users\/1"}],"replies":[{"embeddable":true,"href":"https:\/\/www.fundaciontecnova.com\/fr\/wp-json\/wp\/v2\/comments?post=11319"}],"version-history":[{"count":1,"href":"https:\/\/www.fundaciontecnova.com\/fr\/wp-json\/wp\/v2\/posts\/11319\/revisions"}],"predecessor-version":[{"id":11320,"href":"https:\/\/www.fundaciontecnova.com\/fr\/wp-json\/wp\/v2\/posts\/11319\/revisions\/11320"}],"wp:featuredmedia":[{"embeddable":true,"href":"https:\/\/www.fundaciontecnova.com\/fr\/wp-json\/wp\/v2\/media\/11313"}],"wp:attachment":[{"href":"https:\/\/www.fundaciontecnova.com\/fr\/wp-json\/wp\/v2\/media?parent=11319"}],"wp:term":[{"taxonomy":"category","embeddable":true,"href":"https:\/\/www.fundaciontecnova.com\/fr\/wp-json\/wp\/v2\/categories?post=11319"},{"taxonomy":"post_tag","embeddable":true,"href":"https:\/\/www.fundaciontecnova.com\/fr\/wp-json\/wp\/v2\/tags?post=11319"}],"curies":[{"name":"wp","href":"https:\/\/api.w.org\/{rel}","templated":true}]}}